{"id":6483,"date":"2023-12-22T09:43:39","date_gmt":"2023-12-22T09:43:39","guid":{"rendered":"https:\/\/krankenhauspfarramt.de\/index.php\/2023\/12\/22\/weihnachten-wirft-ein-anderes-licht-auf-diese-welt-ekd\/"},"modified":"2023-12-22T09:43:42","modified_gmt":"2023-12-22T09:43:42","slug":"weihnachten-wirft-ein-anderes-licht-auf-diese-welt-ekd","status":"publish","type":"post","link":"https:\/\/krankenhauspfarramt.de\/index.php\/2023\/12\/22\/weihnachten-wirft-ein-anderes-licht-auf-diese-welt-ekd\/","title":{"rendered":"\u201eWeihnachten wirft ein anderes Licht auf diese Welt\u201c \u2013 EKD"},"content":{"rendered":"<p> <br \/>\n<\/p>\n<div id=\"\">\n<div class=\"article--meta article--meta__border clearfix\">\n<p>                                    <time datetime=\"22.12.2023 10:00\" class=\"article--time\">22.12.2023<\/time><\/p>\n<p>                                     <strong class=\"article--type primus--overline\">Pressemitteilung<\/strong><\/p>\n<\/p><\/div>\n<h2 class=\"article--sub-headline primus--sub-headline\">Weihnachtsbotschaft der amtierenden EKD-Ratsvorsitzenden<\/h2>\n<\/p><\/div>\n<div id=\"\">\n<p class=\"EKDFlietext\">Inmitten so vieler d\u00fcsterer Nachrichten, in Zeiten von Krisen und Krieg gebe es dennoch Grund f\u00fcr Hoffnung und Zuversicht, meint die amtierende Ratsvorsitzende der Evangelischen Kirche in Deutschland (EKD), Bisch\u00f6fin Kirsten Fehrs. In ihrer Weihnachtsbotschaft sagt sie: \u201eWeihnachten wirft ein anderes Licht auf diese Welt. Wie haben wir uns nach diesem Licht gesehnt! Gott setzt all der Angst und Gewalt Menschlichkeit entgegen, indem er selbst Mensch wird. Ein kleines, schutzloses Kind in der Krippe. Und mit ihm kommt diese verr\u00fcckte Hoffnung, dass etwas ganz und gar Neues beginnt, das uns rettet.\u201c<\/p>\n<p class=\"EKDFlietext\">Umso mehr schmerze es, wenn Frieden und Sicherheit zerbrochen werden, so die Bisch\u00f6fin weiter. \u201eJeder Fl\u00fcchtling in unserem Land, jeder obdachlose Mensch kann davon erz\u00e4hlen.\u201c Auch herrsche derzeit an viel zu vielen Orten auf dieser Welt Krieg. \u201eIch blicke sorgenvoll nach Israel und auch nach Bethlehem, der kleinen Stadt mitten in den besetzten Gebieten: Wie mag es den Kindern dort gehen? Was wird mit ihnen, die gerade jetzt in Bethlehem geboren werden? Wie furchtbar war die Erfahrung f\u00fcr die israelischen Kinder, die in Kellern und Tunneln von Hamas-Terroristen gefangen gehalten wurden? Und: Wer versorgt die Kleinen im Gazastreifen mit sauberem Wasser, Brot, Medizin? Jeder moderne Krieg ist eine humanit\u00e4re Katastrophe, unter der vor allem die Zivilbev\u00f6lkerung leidet.\u201c Daher sei es wichtig, f\u00fcr alle Leidenden zu beten, aber eben auch zu handeln.<\/p>\n<p class=\"EKDFlietext\">\u201eWir d\u00fcrfen nicht nachlassen darin! Mit Brot f\u00fcr die Welt, aber auch mit unserem klaren Bekenntnis: Nie wieder Antisemitismus! Nie d\u00fcrfen wir vergessen, dass dieses lichte Krippenkind in Bethlehem ein j\u00fcdisches ist. Aus ihm heraus ist das Christentum erwachsen. Und mit ihm der klare Auftrag Jesu, die W\u00fcrde der Kleinen zu achten. Und den Kriegsherren dieser Welt mit aller Macht die T\u00fcr zu weisen.\u201c Genau deshalb s\u00e4ngen die Engel immer und unbeirrt ihr \u201eF\u00fcrchtet euch nicht!\u201c, dies sei die erl\u00f6sende Melodie in einer unerl\u00f6sten Welt, so die amtierende Ratsvorsitzende.<\/p>\n<p class=\"EKDFlietext\">Und sie ersehnt das Geheimnis der Heiligen Nacht in ihrer Weihnachtsbotschaft: \u201eEs ist die Z\u00e4rtlichkeit. Der genaue Blick. Das tr\u00f6stende Wort. Die Musik. Das besondere Licht! M\u00f6ge dieses Geheimnis der Heiligen Nacht in uns die Sehnsucht wachhalten, nicht nur das M\u00f6gliche, sondern auch das Unm\u00f6gliche zu denken \u2013 und zu tun! Unsere Stimmen zu erheben, gegen Hass und Angst. Uns auch in Zukunft stark zu machen f\u00fcr den Schutz der Kinder.\u201c<\/p>\n<p class=\"EKDFlietext\">\u201eGerade in dieser Zerrissenheit\u201c, so die Bisch\u00f6fin abschlie\u00dfend, \u201ebrauchen wir dieses Fest. Wir brauchen den Weihnachtsmut der Engel, die mit Hoffnungstrotz ihr \u201aFriede auf Erden!\u2018 singen. Wir brauchen das Weihnachtslicht, das uns einleuchtet und unsere Sehnsucht gro\u00df macht.\u201c<\/p>\n<p class=\"EKDFlietext\"><strong>Gottesdienste der amtierenden EKD-Ratsvorsitzenden an Weihnachten<\/strong><\/p>\n<p class=\"EKDFlietext\"><em>24.12.2023 \/ 18 Uhr<\/em><br \/>Christvesper im Hamburger Michel<br \/>Ort: Hauptkirche St. Michaelis, Englische Planke 1, Hamburg<\/p>\n<p class=\"EKDFlietext\"><em>24.12.2023 \/ 22.30 Uhr<\/em><br \/>Fernsehgottesdienst zur Christnacht<br \/>Sender: ZDF<\/p>\n<p class=\"EKDFlietext\"><em>25.12.2023 \/ 10 Uhr<\/em><br \/>Festgottesdienst im Dom zu L\u00fcbeck<br \/>Ort: Dom, M\u00fchlendamm 2-6, L\u00fcbeck<\/p>\n<p class=\"EKDFlietext\">Eine weitere Auswahl an Fernseh-, Radio-, Online- und vor-Ort-Gottesdiensten hat die EKD unter www.weihnachtsgottesdienste.de ver\u00f6ffentlicht.<\/p>\n<p class=\"EKDFlietext\">Hannover\/Hamburg, 22. Dezember 2023<\/p>\n<p class=\"EKDFlietext\">Pressestelle der EKD<br \/>Annika Lukas<\/p>\n<\/div>\n","protected":false},"excerpt":{"rendered":"<p>22.12.2023 Pressemitteilung Weihnachtsbotschaft der amtierenden EKD-Ratsvorsitzenden Inmitten so vieler d\u00fcsterer Nachrichten, in Zeiten von Krisen und Krieg gebe es dennoch<\/p>\n","protected":false},"author":2,"featured_media":6484,"comment_status":"closed","ping_status":"closed","sticky":false,"template":"","format":"standard","meta":{"footnotes":""},"categories":[20],"tags":[],"_links":{"self":[{"href":"https:\/\/krankenhauspfarramt.de\/index.php\/wp-json\/wp\/v2\/posts\/6483"}],"collection":[{"href":"https:\/\/krankenhauspfarramt.de\/index.php\/wp-json\/wp\/v2\/posts"}],"about":[{"href":"https:\/\/krankenhauspfarramt.de\/index.php\/wp-json\/wp\/v2\/types\/post"}],"author":[{"embeddable":true,"href":"https:\/\/krankenhauspfarramt.de\/index.php\/wp-json\/wp\/v2\/users\/2"}],"replies":[{"embeddable":true,"href":"https:\/\/krankenhauspfarramt.de\/index.php\/wp-json\/wp\/v2\/comments?post=6483"}],"version-history":[{"count":1,"href":"https:\/\/krankenhauspfarramt.de\/index.php\/wp-json\/wp\/v2\/posts\/6483\/revisions"}],"predecessor-version":[{"id":6485,"href":"https:\/\/krankenhauspfarramt.de\/index.php\/wp-json\/wp\/v2\/posts\/6483\/revisions\/6485"}],"wp:featuredmedia":[{"embeddable":true,"href":"https:\/\/krankenhauspfarramt.de\/index.php\/wp-json\/wp\/v2\/media\/6484"}],"wp:attachment":[{"href":"https:\/\/krankenhauspfarramt.de\/index.php\/wp-json\/wp\/v2\/media?parent=6483"}],"wp:term":[{"taxonomy":"category","embeddable":true,"href":"https:\/\/krankenhauspfarramt.de\/index.php\/wp-json\/wp\/v2\/categories?post=6483"},{"taxonomy":"post_tag","embeddable":true,"href":"https:\/\/krankenhauspfarramt.de\/index.php\/wp-json\/wp\/v2\/tags?post=6483"}],"curies":[{"name":"wp","href":"https:\/\/api.w.org\/{rel}","templated":true}]}}