{"id":6549,"date":"2024-01-22T15:30:22","date_gmt":"2024-01-22T15:30:22","guid":{"rendered":"https:\/\/krankenhauspfarramt.de\/index.php\/2024\/01\/22\/leidenschaftlicher-demokrat-und-antipopulist-ekd\/"},"modified":"2024-01-22T15:30:25","modified_gmt":"2024-01-22T15:30:25","slug":"leidenschaftlicher-demokrat-und-antipopulist-ekd","status":"publish","type":"post","link":"https:\/\/krankenhauspfarramt.de\/index.php\/2024\/01\/22\/leidenschaftlicher-demokrat-und-antipopulist-ekd\/","title":{"rendered":"Leidenschaftlicher Demokrat und Antipopulist \u2013 EKD"},"content":{"rendered":"<p> <br \/>\n<\/p>\n<div id=\"\">\n<div class=\"article--meta article--meta__border clearfix\">\n<p>                                    <time datetime=\"22.01.2024 13:00\" class=\"article--time\">22.01.2024<\/time><\/p>\n<p>                                     <strong class=\"article--type primus--overline\">Pressemitteilung<\/strong><\/p>\n<picture class=\"article--source-image image\"><source srcset=\"https:\/\/www.ekd.de\/ekd_de\/ds_img\/assets\/20170622_ekd-Quellenlogo_141_rdax_423x118.png\"><!--<source srcset=\"\/ekd_de\/ds_img\/assets\/20170622_ekd-Quellenlogo_141_rdax_141x39.png 1x, \/ekd_de\/ds_img\/assets\/20170622_ekd-Quellenlogo_141_rdax_282x78.png 2x, https:\/\/www.ekd.de\/ekd_de\/ds_img\/assets\/20170622_ekd-Quellenlogo_141_rdax_423x118.png 3x\">--><\/p>\n<p>    <\/source><\/picture>\n<\/p><\/div>\n<h2 class=\"article--sub-headline primus--sub-headline\">Amtierende Ratsvorsitzende Kirsten Fehrs predigt im Gottesdienst zum Gedenken an Wolfgang Sch\u00e4uble im Berliner Dom<\/h2>\n<\/p><\/div>\n<div id=\"\">\n<p class=\"EKDFlietext\">In einem Gottesdienst zum Gedenken an Dr. Wolfgang Sch\u00e4uble hat die amtierende Ratsvorsitzende der Evangelischen Kirche in Deutschland (EKD), Bisch\u00f6fin Kirsten Fehrs, den am 26. Dezember verstorbenen fr\u00fcheren Bundestagspr\u00e4sidenten als leidenschaftlichen Demokraten und prinzipienfesten Politiker gew\u00fcrdigt. \u201eEr war ein Antipopulist und ein Mensch, der sich ganz und gar, mit all seiner Kraft, Leidenschaft und Hingabe in den Dienst unseres Gemeinwesens und unserer Demokratie gestellt hat\u201c, sagte die Bisch\u00f6fin in ihrer Predigt im Berliner Dom.<\/p>\n<p class=\"EKDFlietext\">\u201eWolfgang Sch\u00e4uble hat als gl\u00e4ubiger Protestant gelebt und gehandelt.\u201c Dabei sei f\u00fcr ihn Martin Luthers Einsicht leitend gewesen, Glaube und Politik zu unterscheiden. Bisch\u00f6fin Fehrs weiter: \u201eDer Glaube ist die Haltung, in der politisches Handeln gr\u00fcndet. Doch weder der Glaube noch die Haltung ist selbst schon Politik, denn Politik ist immer gebunden an das Machbare, den Kompromiss. Diese Unterscheidung brauchen wir in ideologisch aufgeladenen Zeiten mehr denn je.\u201c<\/p>\n<p class=\"EKDFlietext\">Bisch\u00f6fin Fehrs erinnerte zudem an den Einsatz des Politikers f\u00fcr die Menschenw\u00fcrde. F\u00fcr Wolfgang Sch\u00e4uble sei, auch aus eigener Erfahrung, klar gewesen: \u201eDer Mensch ist nie allein, er ist angewiesen, von Geburt an bis zum Tod. Er ist zur Freiheit begabt und in Fehlbarkeit gefangen. Und deshalb braucht er Regeln, Ordnung, Recht, wenn der Frieden gewahrt bleiben soll. Und er braucht Religion. Sie ist Ressource, Zuversicht und Grenze zugleich.\u201c Auf Kirchentagen, aber auch als Initiator der ersten Islamkonferenz habe sich der langj\u00e4hrige Bundesminister dabei \u201eals Dialogiker par excellence\u201c erwiesen, den \u201eklare, geistreiche Realpolitik\u201c ausgezeichnet habe. Damit habe er auch den interreligi\u00f6sen Dialog gef\u00f6rdert.<\/p>\n<p class=\"EKDFlietext\">Der Gedenkgottesdienst wurde von Domprediger Stefan Scholpp gemeinsam mit dem katholischen Pr\u00e4laten Karl J\u00fcsten und Vertretern anderer Religionen gestaltet. Weiterer Redner war au\u00dferdem der fr\u00fchere Ratsvorsitzende Wolfgang Huber. Im Anschluss an den Gottesdienst, zu dem auch die Vertreter der Verfassungsorgane eingeladen waren, fand in Berlin ein staatlicher Gedenkakt statt.<\/p>\n<p class=\"EKDFlietext\">Berlin\/Hannover, 22. Januar 2024<\/p>\n<p class=\"EKDFlietext\">Pressestelle der EKD<br \/>Carsten Splitt<\/p>\n<p class=\"EKDFlietext\"><em>Hinweis f\u00fcr die Redaktionen:<\/em> Der Gedenkgottesdienst wird im Live-Stream \u00fcbertragen unter <em>www.berliner-dom.de\/stream<\/em><\/p>\n<\/div>\n","protected":false},"excerpt":{"rendered":"<p>22.01.2024 Pressemitteilung Amtierende Ratsvorsitzende Kirsten Fehrs predigt im Gottesdienst zum Gedenken an Wolfgang Sch\u00e4uble im Berliner Dom In einem Gottesdienst<\/p>\n","protected":false},"author":2,"featured_media":6550,"comment_status":"closed","ping_status":"closed","sticky":false,"template":"","format":"standard","meta":{"footnotes":""},"categories":[20],"tags":[],"_links":{"self":[{"href":"https:\/\/krankenhauspfarramt.de\/index.php\/wp-json\/wp\/v2\/posts\/6549"}],"collection":[{"href":"https:\/\/krankenhauspfarramt.de\/index.php\/wp-json\/wp\/v2\/posts"}],"about":[{"href":"https:\/\/krankenhauspfarramt.de\/index.php\/wp-json\/wp\/v2\/types\/post"}],"author":[{"embeddable":true,"href":"https:\/\/krankenhauspfarramt.de\/index.php\/wp-json\/wp\/v2\/users\/2"}],"replies":[{"embeddable":true,"href":"https:\/\/krankenhauspfarramt.de\/index.php\/wp-json\/wp\/v2\/comments?post=6549"}],"version-history":[{"count":1,"href":"https:\/\/krankenhauspfarramt.de\/index.php\/wp-json\/wp\/v2\/posts\/6549\/revisions"}],"predecessor-version":[{"id":6551,"href":"https:\/\/krankenhauspfarramt.de\/index.php\/wp-json\/wp\/v2\/posts\/6549\/revisions\/6551"}],"wp:featuredmedia":[{"embeddable":true,"href":"https:\/\/krankenhauspfarramt.de\/index.php\/wp-json\/wp\/v2\/media\/6550"}],"wp:attachment":[{"href":"https:\/\/krankenhauspfarramt.de\/index.php\/wp-json\/wp\/v2\/media?parent=6549"}],"wp:term":[{"taxonomy":"category","embeddable":true,"href":"https:\/\/krankenhauspfarramt.de\/index.php\/wp-json\/wp\/v2\/categories?post=6549"},{"taxonomy":"post_tag","embeddable":true,"href":"https:\/\/krankenhauspfarramt.de\/index.php\/wp-json\/wp\/v2\/tags?post=6549"}],"curies":[{"name":"wp","href":"https:\/\/api.w.org\/{rel}","templated":true}]}}