{"id":6552,"date":"2024-01-23T14:58:08","date_gmt":"2024-01-23T14:58:08","guid":{"rendered":"https:\/\/krankenhauspfarramt.de\/index.php\/2024\/01\/23\/500-jahre-evangelisches-gesangbuch-ekd\/"},"modified":"2024-01-23T14:58:10","modified_gmt":"2024-01-23T14:58:10","slug":"500-jahre-evangelisches-gesangbuch-ekd","status":"publish","type":"post","link":"https:\/\/krankenhauspfarramt.de\/index.php\/2024\/01\/23\/500-jahre-evangelisches-gesangbuch-ekd\/","title":{"rendered":"500 Jahre Evangelisches Gesangbuch \u2013 EKD"},"content":{"rendered":"<p> <br \/>\n<\/p>\n<div id=\"\">\n<p class=\"EKDFlietext\"><span style=\"line-height:14pt\">Das Bundesministerium der Finanzen hat das Sonderpostwertzeichen \u201e500 Jahre Evangelisches Gesangbuch\u201c (Wert: 1,00 Euro) herausgegeben. Diese Briefmarke wird heute (23. Januar 2024) um 17 Uhr in der Marktkirche zu Goslar vorgestellt. <\/span><\/p>\n<p class=\"EKDFlietext\"><span style=\"line-height:14pt\">Das Gemeindelied pr\u00e4gt evangelische Gottesdienste seit \u00fcber 500 Jahren. Bereits um die Jahreswende 1523\/1524 erschien in N\u00fcrnberg der so genannte \u201eAchtliederdruck\u201c. Er gilt als erstes evangelisches Gesangbuch und enthielt vier Lieder von Martin Luther und drei Lieder seines Mitstreiters Paul Speratus. Einige dieser Lieder z\u00e4hlen bis heute zum Bestand evangelischer Kirchengesangb\u00fccher. Ebenfalls 1524 erschienen in Erfurt zwei \u201eEnchiridien\u201c (griechisch f\u00fcr Handb\u00fcchlein), die jeweils 25 Lieder enthielten, und das \u201eChorgesangbuch\u201c des nachmaligen Torgauer Kantors Johann Walter.<\/span><\/p>\n<p class=\"EKDFlietext\"><span style=\"line-height:14pt\">Von diesen ersten Liederb\u00fcchern ist bis heute eine Ausgabe des nach seiner Druckerei benannten Erfurter \u201eFerber Fa\u00df Enchiridions\u201c erhalten. Sie wird in der Marktkirchen-Bibliothek zu Goslar verwahrt. Daher fiel die Entscheidung f\u00fcr den Ort der Pr\u00e4sentation der Sondermarke auf diesen Ort.<\/span><\/p>\n<p class=\"EKDFlietext\"><span style=\"line-height:14pt\">Evangelische Gesangb\u00fccher erschienen seitdem regelm\u00e4\u00dfig, zun\u00e4chst mit starker lokaler und konfessioneller Pr\u00e4gung. Bald bildete sich aber ein Kern an Liedern heraus, die weite Verbreitung fanden und dann in den jeweiligen Sammlungen um regional beliebte Texte und Melodien erg\u00e4nzt wurden. Auch aktuell erarbeitet in der Evangelischen Kirche eine kirchenmusikalische und liturgische Expertenkommission eine erneuerte Ausgabe des Evangelischen Gesangbuchs.<\/span><\/p>\n<p class=\"EKDFlietext\"><strong style=\"font-weight:bold\">Weitere Informationen:<\/strong><\/p>\n<p class=\"EKDFlietext\"><span style=\"line-height:14pt\">Mehr \u00fcber das Jubil\u00e4um \u201e500 Jahre evangelisches Gesangbuch\u201c erfahren Sie unter: https:\/\/mit-herz-und-mund.de\/<\/span><\/p>\n<p class=\"EKDFlietext\">Mehr als 1000 Lieder, Texte, Anregungen wurden bis zur Frist am 31.5.2023 eingereicht und werden derzeit von Lied- und Textausschuss gesichtet. Gerne k\u00f6nnen Sie uns weitere allgemeine Impulse und Fragen f\u00fcr das neue Gesangbuch schicken unter impulsegesangbuch@ekd.de schicken.<\/p>\n<p class=\"EKDFlietext\"><span style=\"line-height:14pt\">Die Briefmarke \u201e500 Jahre evangelisches Gesangbuch\u201c k\u00f6nnen Sie auch online bestellen unter: https:\/\/shop.deutschepost.de\/500-jahre-evangelisches-gesangbuch-briefmarke-zu-1-00-eur-10er-bogen<\/span><\/p>\n<p class=\"EKDFlietext\"><span style=\"line-height:14pt\">Hannover, 23. Januar 2024<\/span><\/p>\n<p class=\"EKDFlietext\"><span style=\"line-height:14pt\">Pressestelle der EKD<\/span><\/p>\n<\/div>\n","protected":false},"excerpt":{"rendered":"<p>Das Bundesministerium der Finanzen hat das Sonderpostwertzeichen \u201e500 Jahre Evangelisches Gesangbuch\u201c (Wert: 1,00 Euro) herausgegeben. Diese Briefmarke wird heute (23.<\/p>\n","protected":false},"author":2,"featured_media":677,"comment_status":"closed","ping_status":"closed","sticky":false,"template":"","format":"standard","meta":{"footnotes":""},"categories":[20],"tags":[],"_links":{"self":[{"href":"https:\/\/krankenhauspfarramt.de\/index.php\/wp-json\/wp\/v2\/posts\/6552"}],"collection":[{"href":"https:\/\/krankenhauspfarramt.de\/index.php\/wp-json\/wp\/v2\/posts"}],"about":[{"href":"https:\/\/krankenhauspfarramt.de\/index.php\/wp-json\/wp\/v2\/types\/post"}],"author":[{"embeddable":true,"href":"https:\/\/krankenhauspfarramt.de\/index.php\/wp-json\/wp\/v2\/users\/2"}],"replies":[{"embeddable":true,"href":"https:\/\/krankenhauspfarramt.de\/index.php\/wp-json\/wp\/v2\/comments?post=6552"}],"version-history":[{"count":1,"href":"https:\/\/krankenhauspfarramt.de\/index.php\/wp-json\/wp\/v2\/posts\/6552\/revisions"}],"predecessor-version":[{"id":6553,"href":"https:\/\/krankenhauspfarramt.de\/index.php\/wp-json\/wp\/v2\/posts\/6552\/revisions\/6553"}],"wp:featuredmedia":[{"embeddable":true,"href":"https:\/\/krankenhauspfarramt.de\/index.php\/wp-json\/wp\/v2\/media\/677"}],"wp:attachment":[{"href":"https:\/\/krankenhauspfarramt.de\/index.php\/wp-json\/wp\/v2\/media?parent=6552"}],"wp:term":[{"taxonomy":"category","embeddable":true,"href":"https:\/\/krankenhauspfarramt.de\/index.php\/wp-json\/wp\/v2\/categories?post=6552"},{"taxonomy":"post_tag","embeddable":true,"href":"https:\/\/krankenhauspfarramt.de\/index.php\/wp-json\/wp\/v2\/tags?post=6552"}],"curies":[{"name":"wp","href":"https:\/\/api.w.org\/{rel}","templated":true}]}}