{"id":6615,"date":"2024-02-19T16:05:05","date_gmt":"2024-02-19T16:05:05","guid":{"rendered":"https:\/\/krankenhauspfarramt.de\/index.php\/2024\/02\/19\/ehemaliger-evangelischer-rundfunkbeauftragter-merz-gestorben-ekd\/"},"modified":"2024-02-19T16:05:08","modified_gmt":"2024-02-19T16:05:08","slug":"ehemaliger-evangelischer-rundfunkbeauftragter-merz-gestorben-ekd","status":"publish","type":"post","link":"https:\/\/krankenhauspfarramt.de\/index.php\/2024\/02\/19\/ehemaliger-evangelischer-rundfunkbeauftragter-merz-gestorben-ekd\/","title":{"rendered":"Ehemaliger evangelischer Rundfunkbeauftragter Merz gestorben \u2013 EKD"},"content":{"rendered":"<p> <br \/>\n<\/p>\n<div id=\"\">\n<p>Frankfurt a.M. (epd). Der evangelische Theologe und kirchliche Medienmanager Bernd Merz ist tot. Der ehemalige Rundfunkbeauftragte der Evangelischen Kirche in Deutschland (EKD) starb am Sonntag nach schwerer Krankheit in Hamburg, wie die Familie am Montag mitteilte. Er wurde 67 Jahre alt und hinterl\u00e4sst seine Ehefrau und zwei erwachsene Kinder. Vertreter der evangelischen Publizistik w\u00fcrdigten den Verstorbenen als \u00fcberzeugten Christen und Medien-Pastor.<\/p>\n<p>Merz war von 2001 bis 2007 Rundfunkbeauftragter der EKD und der Vereinigung Evangelischer Freikirchen. Sp\u00e4ter wurde er Gesch\u00e4ftsf\u00fchrer des Senders Bibel TV, des Berliner H\u00f6rfunksenders Radio Paradiso sowie der Matthias-Film, einer Filmproduktions- und Vertriebsgesellschaft mit Sitz in Berlin und hundertprozentigen Tochter des Gemeinschaftswerkes der Evangelischen Publizistik (GEP).<\/p>\n<p>Bernd Merz war Pfarrer der evangelisch-lutherischen Landeskirche Hannovers und von 1989 bis 1996 als Referent und Redakteur im Evangelischen Rundfunkreferat der norddeutschen Kirchen in Hamburg t\u00e4tig. 1996 wurde Merz evangelischer Rundfunkbeauftragter beim NDR, bevor ihn der Rat der EKD zum Rundfunkbeauftragten berief.<\/p>\n<p>Das GEP, die EKD und die hannoversche Landeskirche w\u00fcrdigten Merz als evangelischen Publizisten, der die Medien- und Kommunikationsarbeit der evangelischen Kirche entscheidend gepr\u00e4gt habe. Der GEP-Aufsichtsratsvorsitzende und hessen-nassauische Kirchenpr\u00e4sident Volker Jung nannte Merz einen \u201ePionier f\u00fcr die Verk\u00fcndigung des Evangeliums in Funk, Fernsehen und den digitalen Medien\u201c. Die evangelische Kirche verdanke seinem Engagement die Pflege zahlreicher kirchlicher Sendungen in den \u00f6ffentlich-rechtlichen und privaten Fernseh- und H\u00f6rfunkprogrammen.<\/p>\n<p>Der hannoversche Landesbischof Ralf Meister sagte: \u201eIch werde Bernd Merz als glaubensfrohen Menschen in Erinnerung behalten, der die Freiheit Christi in einer Weise lebte, wie ich sie bei kaum einem anderen Menschen je wahrgenommen habe. GEP-Direktor J\u00f6rg Bollmann unterstrich das enge Zusammenwirken von Merz mit der Arbeit des Gemeinschaftswerks: \u201cEs ist faszinierend, wie unerm\u00fcdlich er stets versucht hat, gerade auch junge Leute mit Gott in Verbindung zu bringen.&#8220; Aus diesem Grund sei es ihm eine Herzensangelegenheit gewesen, die Jury Kinderprogramme des Robert Geisend\u00f6rfer Preises von Beginn an bis zu seiner Pensionierung als Vorsitzender zu begleiten.<\/p>\n<\/div>\n","protected":false},"excerpt":{"rendered":"<p>Frankfurt a.M. (epd). Der evangelische Theologe und kirchliche Medienmanager Bernd Merz ist tot. Der ehemalige Rundfunkbeauftragte der Evangelischen Kirche in<\/p>\n","protected":false},"author":2,"featured_media":6616,"comment_status":"closed","ping_status":"closed","sticky":false,"template":"","format":"standard","meta":{"footnotes":""},"categories":[20],"tags":[],"_links":{"self":[{"href":"https:\/\/krankenhauspfarramt.de\/index.php\/wp-json\/wp\/v2\/posts\/6615"}],"collection":[{"href":"https:\/\/krankenhauspfarramt.de\/index.php\/wp-json\/wp\/v2\/posts"}],"about":[{"href":"https:\/\/krankenhauspfarramt.de\/index.php\/wp-json\/wp\/v2\/types\/post"}],"author":[{"embeddable":true,"href":"https:\/\/krankenhauspfarramt.de\/index.php\/wp-json\/wp\/v2\/users\/2"}],"replies":[{"embeddable":true,"href":"https:\/\/krankenhauspfarramt.de\/index.php\/wp-json\/wp\/v2\/comments?post=6615"}],"version-history":[{"count":1,"href":"https:\/\/krankenhauspfarramt.de\/index.php\/wp-json\/wp\/v2\/posts\/6615\/revisions"}],"predecessor-version":[{"id":6617,"href":"https:\/\/krankenhauspfarramt.de\/index.php\/wp-json\/wp\/v2\/posts\/6615\/revisions\/6617"}],"wp:featuredmedia":[{"embeddable":true,"href":"https:\/\/krankenhauspfarramt.de\/index.php\/wp-json\/wp\/v2\/media\/6616"}],"wp:attachment":[{"href":"https:\/\/krankenhauspfarramt.de\/index.php\/wp-json\/wp\/v2\/media?parent=6615"}],"wp:term":[{"taxonomy":"category","embeddable":true,"href":"https:\/\/krankenhauspfarramt.de\/index.php\/wp-json\/wp\/v2\/categories?post=6615"},{"taxonomy":"post_tag","embeddable":true,"href":"https:\/\/krankenhauspfarramt.de\/index.php\/wp-json\/wp\/v2\/tags?post=6615"}],"curies":[{"name":"wp","href":"https:\/\/api.w.org\/{rel}","templated":true}]}}