{"id":6656,"date":"2024-02-27T13:52:26","date_gmt":"2024-02-27T13:52:26","guid":{"rendered":"https:\/\/krankenhauspfarramt.de\/index.php\/2024\/02\/27\/ab-maerz-doppelspitze-im-evangelischen-publizistik-werk-ekd\/"},"modified":"2024-02-27T13:52:29","modified_gmt":"2024-02-27T13:52:29","slug":"ab-maerz-doppelspitze-im-evangelischen-publizistik-werk-ekd","status":"publish","type":"post","link":"https:\/\/krankenhauspfarramt.de\/index.php\/2024\/02\/27\/ab-maerz-doppelspitze-im-evangelischen-publizistik-werk-ekd\/","title":{"rendered":"Ab M\u00e4rz Doppelspitze im evangelischen Publizistik-Werk \u2013 EKD"},"content":{"rendered":"<p> <br \/>\n<\/p>\n<div id=\"\">\n<p>Frankfurt a.M. (epd). Ab Freitag wird das Gemeinschaftswerk der Evangelischen Publizistik (GEP) in Frankfurt am Main von zwei Frauen gef\u00fchrt. <strong>Stefanie Schardien<\/strong> tritt ihr Amt als <strong>Theologische Gesch\u00e4ftsf\u00fchrerin<\/strong> an, seit Januar ist bereits <strong>Ariadne Klingbeil<\/strong> im GEP als <strong>Kaufm\u00e4nnische Gesch\u00e4ftsf\u00fchrerin<\/strong> t\u00e4tig. Zum Monatsende geht der bisherige Direktor J\u00f6rg Bollmann nach 22 Jahren an der Spitze des Gemeinschaftswerks in den Ruhestand. Er ist am Montag 66 Jahre alt geworden.<\/p>\n<p>Ein Gottesdienst zum GEP-Leitungswechsel wird am 11. M\u00e4rz in Bad Homburg gefeiert. Neben anderen werden die amtierende Ratsvorsitzende der Evangelischen Kirche in Deutschland (EKD), Kirsten Fehrs, und die EKD-Synodenpr\u00e4ses Anna-Nicole Heinrich erwartet, es predigt der hessen-nassauische Kirchenpr\u00e4sident Volker Jung.<\/p>\n<p>Die promovierte <strong>Theologin Schardien<\/strong> wird in Personalunion <strong>auch als Medienbeauftragte des Rates der EKD<\/strong> t\u00e4tig sein. Schardien war bislang Pfarrerin in F\u00fcrth und wurde bundesweit als Sprecherin des \u201eWortes zum Sonntag\u201c bekannt.<\/p>\n<p>Klingbeil ist auch als Gesch\u00e4ftsf\u00fchrerin des Medienhauses der Evangelischen Kirche in Hessen und Nassau (EKHN-Medienhaus) GmbH sowie der EKD Media GmbH t\u00e4tig. Sie war zuvor Gesch\u00e4ftsf\u00fchrerin und Liquidatorin bei einer Tochtergesellschaft des Verbandes der Di\u00f6zesen Deutschlands, dem Rechtstr\u00e4ger der Deutschen Bischofskonferenz.<\/p>\n<p>Das GEP hatte im vergangenen Jahr die Mehrheitsanteile am EKHN-Medienhaus erworben, derzeit entsteht ein gemeinschaftliches Medienunternehmen im GEP-Geb\u00e4ude am gemeinsamen Standort im Frankfurter Mertonviertel mit insgesamt rund 180 Besch\u00e4ftigten. Die neue Einrichtung ist in den Sparten Print, Evangelischer Pressedienst (epd), Radio, TV, Internet und Social Media sowie im Bereich Dienstleistungen f\u00fcr kirchliche und diakonische Einrichtungen t\u00e4tig.<\/p>\n<p>Das vor 50 Jahren gegr\u00fcndete GEP ist das bundesweite Mediendienstleistungsunternehmen, das unter anderem f\u00fcr die EKD, die Gemeinschaft der evangelischen Landeskirchen in Deutschland, und das Evangelische Werk f\u00fcr Diakonie und Entwicklung (EWDE) t\u00e4tig ist. Es tr\u00e4gt unter anderem das Monatsmagazin \u201echrismon\u201c, die Zentralredaktion des epd, die Rundfunkarbeit der EKD, das evangelische Contentnetzwerk yeet und das Internetportal \u201eevangelisch.de\u201c. Die EKD ist 94-prozentiger Anteilseigner des GEP, das EWDE h\u00e4lt 6 Prozent.<\/p>\n<\/div>\n","protected":false},"excerpt":{"rendered":"<p>Frankfurt a.M. (epd). Ab Freitag wird das Gemeinschaftswerk der Evangelischen Publizistik (GEP) in Frankfurt am Main von zwei Frauen gef\u00fchrt.<\/p>\n","protected":false},"author":2,"featured_media":6657,"comment_status":"closed","ping_status":"closed","sticky":false,"template":"","format":"standard","meta":{"footnotes":""},"categories":[20],"tags":[],"_links":{"self":[{"href":"https:\/\/krankenhauspfarramt.de\/index.php\/wp-json\/wp\/v2\/posts\/6656"}],"collection":[{"href":"https:\/\/krankenhauspfarramt.de\/index.php\/wp-json\/wp\/v2\/posts"}],"about":[{"href":"https:\/\/krankenhauspfarramt.de\/index.php\/wp-json\/wp\/v2\/types\/post"}],"author":[{"embeddable":true,"href":"https:\/\/krankenhauspfarramt.de\/index.php\/wp-json\/wp\/v2\/users\/2"}],"replies":[{"embeddable":true,"href":"https:\/\/krankenhauspfarramt.de\/index.php\/wp-json\/wp\/v2\/comments?post=6656"}],"version-history":[{"count":1,"href":"https:\/\/krankenhauspfarramt.de\/index.php\/wp-json\/wp\/v2\/posts\/6656\/revisions"}],"predecessor-version":[{"id":6658,"href":"https:\/\/krankenhauspfarramt.de\/index.php\/wp-json\/wp\/v2\/posts\/6656\/revisions\/6658"}],"wp:featuredmedia":[{"embeddable":true,"href":"https:\/\/krankenhauspfarramt.de\/index.php\/wp-json\/wp\/v2\/media\/6657"}],"wp:attachment":[{"href":"https:\/\/krankenhauspfarramt.de\/index.php\/wp-json\/wp\/v2\/media?parent=6656"}],"wp:term":[{"taxonomy":"category","embeddable":true,"href":"https:\/\/krankenhauspfarramt.de\/index.php\/wp-json\/wp\/v2\/categories?post=6656"},{"taxonomy":"post_tag","embeddable":true,"href":"https:\/\/krankenhauspfarramt.de\/index.php\/wp-json\/wp\/v2\/tags?post=6656"}],"curies":[{"name":"wp","href":"https:\/\/api.w.org\/{rel}","templated":true}]}}