{"id":6659,"date":"2024-02-27T14:18:08","date_gmt":"2024-02-27T14:18:08","guid":{"rendered":"https:\/\/krankenhauspfarramt.de\/index.php\/2024\/02\/27\/ekd-beauftragte-fuer-schoepfungsverantwortung-ruft-zur-beteiligung-am-klimastreik-auf-ekd\/"},"modified":"2024-02-27T14:18:11","modified_gmt":"2024-02-27T14:18:11","slug":"ekd-beauftragte-fuer-schoepfungsverantwortung-ruft-zur-beteiligung-am-klimastreik-auf-ekd","status":"publish","type":"post","link":"https:\/\/krankenhauspfarramt.de\/index.php\/2024\/02\/27\/ekd-beauftragte-fuer-schoepfungsverantwortung-ruft-zur-beteiligung-am-klimastreik-auf-ekd\/","title":{"rendered":"EKD-Beauftragte f\u00fcr Sch\u00f6pfungsverantwortung ruft zur Beteiligung am Klimastreik auf \u2013 EKD"},"content":{"rendered":"<p> <br \/>\n<\/p>\n<div id=\"\">\n<div class=\"article--meta article--meta__border clearfix\">\n<p>                                    <time datetime=\"27.02.2024 14:00\" class=\"article--time\">27.02.2024<\/time><\/p>\n<p>                                     <strong class=\"article--type primus--overline\">Pressemitteilung<\/strong><\/p>\n<picture class=\"article--source-image image\"><source srcset=\"https:\/\/www.ekd.de\/ekd_de\/ds_img\/assets\/20170622_ekd-Quellenlogo_141_rdax_423x118.png\"><!--<source srcset=\"\/ekd_de\/ds_img\/assets\/20170622_ekd-Quellenlogo_141_rdax_141x39.png 1x, \/ekd_de\/ds_img\/assets\/20170622_ekd-Quellenlogo_141_rdax_282x78.png 2x, https:\/\/www.ekd.de\/ekd_de\/ds_img\/assets\/20170622_ekd-Quellenlogo_141_rdax_423x118.png 3x\">--><\/p>\n<p>    <\/source><\/picture>\n<\/p><\/div>\n<h2 class=\"article--sub-headline primus--sub-headline\">Besch\u00e4ftigte im \u00d6ffentlichen Nahverkehr, Fahrg\u00e4ste und Klimabewegte gehen am 1. M\u00e4rz gemeinsam f\u00fcr klimafreundliche Mobilit\u00e4t auf die Stra\u00dfe<\/h2>\n<\/p><\/div>\n<div id=\"\">\n<p class=\"EKDFlietext\">Die Landesbisch\u00f6fin der Evangelisch-Lutherischen Kirche in Norddeutschland (Nordkirche) und EKD-Beauftragte f\u00fcr Sch\u00f6pfungsverantwortung Kristina K\u00fchnbaum-Schmidt hat zur Beteiligung am Klimastreik am kommenden Freitag (1. M\u00e4rz 2024) aufgerufen. Das Motto des bundesweiten Streiktages lautet #wirfahrenzusammen.<\/p>\n<p class=\"EKDFlietext\">\u201eMobilit\u00e4t ist eine Grundvoraussetzung f\u00fcr soziale Teilhabe. Der \u00d6ffentliche Personennahverkehr (\u00d6PNV) ist zentral daf\u00fcr, dass m\u00f6glichst viele Menschen klimafreundlich unterwegs sind &#8211; und sich das auch leisten k\u00f6nnen!\u201c, erkl\u00e4rte Landesbisch\u00f6fin Kristina K\u00fchnbaum-Schmidt, die auch Beauftragte f\u00fcr Sch\u00f6pfungsverantwortung der Evangelischen Kirche in Deutschland (EKD) ist. Der \u00d6PNV m\u00fcsse bis 2030 verdoppelt werden, damit eine zukunftsorientierte, sozial-\u00f6kologische Verkehrswende gelingt, so die Landesbisch\u00f6fin. Dazu geh\u00f6ren gute Arbeitsbedingungen f\u00fcr die Besch\u00e4ftigten im \u00d6ffentlichen Nahverkehr und massive Investitionen in den \u00d6PNV-Ausbau.<\/p>\n<p class=\"EKDFlietext\">\u201eIn der biblischen Sch\u00f6pfungsgeschichte werden wir Menschen als Ebenbild Gottes beschrieben. Daraus erw\u00e4chst im Verh\u00e4ltnis zu seinen Mitmenschen und den weiteren Mitgesch\u00f6pfen eine besondere Verantwortung f\u00fcr das Leben auf unserer Erde und unser Zusammenleben\u201c, betonte die<strong> <\/strong>Sch\u00f6pfungsverantwortungs-Beauftragte<strong>. <\/strong><\/p>\n<p class=\"EKDFlietext\">K\u00fchnbaum-Schmidt sagte weiter: \u201eDeshalb setzen wir uns als evangelische Kirche ein \u2013 f\u00fcr soziale Teilhabe und \u00f6kologische Gerechtigkeit. Dazu braucht es eine klimafreundliche Mobilit\u00e4t f\u00fcr alle und gute Arbeit f\u00fcr die Besch\u00e4ftigten im \u00d6PNV! Daf\u00fcr steht der bundesweite Klimastreik am 1. M\u00e4rz. Und wir sind als Kirche mit dabei!\u201c<\/p>\n<p class=\"EKDFlietext\">Hannover, 27. Februar 2024<\/p>\n<p class=\"EKDFlietext\">Pressestelle der EKD<\/p>\n<p class=\"EKDFlietext\">\u00a0<\/p>\n<p><strong>Hinweis f\u00fcr die Redaktionen:<\/strong><\/p>\n<p class=\"EKDFlietext\">Anl\u00e4sslich des bundesweiten Klimastreiks am 1. M\u00e4rz werden in zahlreichen Gemeinden unter dem Motto \u201eThe Sound of Hope\u201c Klimaandachten gefeiert. In den Andachten soll Klage und der Hoffnung Ausdruck verliehen werden. Sie sind verbunden mit einer bundesweiten <strong>Mitmachaktion<\/strong>, bei der sich hunderte Stimmen zu einer Hoffnungs-Soundcollage verbinden k\u00f6nnen. Weitere Infos unter www.Klima-Andacht.de<\/p>\n<p class=\"EKDFlietext\"><em>Der Aufruf der EKD-Beauftragten f\u00fcr Sch\u00f6pfungsverantwortung, Landesbisch\u00f6fin Kristina K\u00fchnbaum Schmidt, im Wortlaut: <\/em><\/p>\n<p class=\"EKDFlietext\">\u201eAm 1. M\u00e4rz ist bundesweiter Klimastreik! #wirfahrenzusammen hei\u00dft das Motto in diesem Jahr. Besch\u00e4ftigte im \u00d6ffentlichen Nahverkehr, Fahrg\u00e4ste und Klimabewegte gehen gemeinsam auf die Stra\u00dfe. F\u00fcr eine klimafreundliche Mobilit\u00e4t und f\u00fcr gute Arbeit.<\/p>\n<p class=\"EKDFlietext\">Mobilit\u00e4t ist eine Grundvoraussetzung f\u00fcr soziale Teilhabe. Der \u00d6ffentliche Personennahverkehr (\u00d6PNV) ist zentral daf\u00fcr, dass m\u00f6glichst viele Menschen klimafreundlich unterwegs sind &#8211; und sich das auch leisten k\u00f6nnen!<\/p>\n<p class=\"EKDFlietext\">Der \u00d6PNV muss bis 2030 verdoppelt werden, damit eine zukunftsorientierte, sozial-\u00f6kologische Verkehrswende gelingt. Dazu geh\u00f6ren gute Arbeitsbedingungen f\u00fcr die Besch\u00e4ftigten im \u00d6ffentlichen Nahverkehr und deutliche Investitionen in den \u00d6PNV-Ausbau.<\/p>\n<p class=\"EKDFlietext\">In der biblischen Sch\u00f6pfungsgeschichte werden wir Menschen als Ebenbild Gottes beschrieben. Daraus erw\u00e4chst im Verh\u00e4ltnis zu seinen Mitmenschen und den weiteren Mitgesch\u00f6pfen eine besondere Verantwortung f\u00fcr das Leben auf unserer Erde und unser Zusammenleben.<\/p>\n<p class=\"EKDFlietext\">Deshalb setzen wir uns als evangelische Kirche ein \u2013 f\u00fcr soziale Teilhabe und \u00f6kologische Gerechtigkeit. Dazu braucht es eine klimafreundliche Mobilit\u00e4t f\u00fcr alle und gute Arbeit f\u00fcr die Besch\u00e4ftigten im \u00d6PNV!<\/p>\n<p class=\"EKDFlietext\">Daf\u00fcr steht der bundesweite Klimastreik am 1. M\u00e4rz. Und als evangelische Kirche rufen wir auf, mit dabei zu sein!\u201c<\/p>\n<\/div>\n","protected":false},"excerpt":{"rendered":"<p>27.02.2024 Pressemitteilung Besch\u00e4ftigte im \u00d6ffentlichen Nahverkehr, Fahrg\u00e4ste und Klimabewegte gehen am 1. M\u00e4rz gemeinsam f\u00fcr klimafreundliche Mobilit\u00e4t auf die Stra\u00dfe<\/p>\n","protected":false},"author":2,"featured_media":4482,"comment_status":"closed","ping_status":"closed","sticky":false,"template":"","format":"standard","meta":{"footnotes":""},"categories":[20],"tags":[],"_links":{"self":[{"href":"https:\/\/krankenhauspfarramt.de\/index.php\/wp-json\/wp\/v2\/posts\/6659"}],"collection":[{"href":"https:\/\/krankenhauspfarramt.de\/index.php\/wp-json\/wp\/v2\/posts"}],"about":[{"href":"https:\/\/krankenhauspfarramt.de\/index.php\/wp-json\/wp\/v2\/types\/post"}],"author":[{"embeddable":true,"href":"https:\/\/krankenhauspfarramt.de\/index.php\/wp-json\/wp\/v2\/users\/2"}],"replies":[{"embeddable":true,"href":"https:\/\/krankenhauspfarramt.de\/index.php\/wp-json\/wp\/v2\/comments?post=6659"}],"version-history":[{"count":1,"href":"https:\/\/krankenhauspfarramt.de\/index.php\/wp-json\/wp\/v2\/posts\/6659\/revisions"}],"predecessor-version":[{"id":6660,"href":"https:\/\/krankenhauspfarramt.de\/index.php\/wp-json\/wp\/v2\/posts\/6659\/revisions\/6660"}],"wp:featuredmedia":[{"embeddable":true,"href":"https:\/\/krankenhauspfarramt.de\/index.php\/wp-json\/wp\/v2\/media\/4482"}],"wp:attachment":[{"href":"https:\/\/krankenhauspfarramt.de\/index.php\/wp-json\/wp\/v2\/media?parent=6659"}],"wp:term":[{"taxonomy":"category","embeddable":true,"href":"https:\/\/krankenhauspfarramt.de\/index.php\/wp-json\/wp\/v2\/categories?post=6659"},{"taxonomy":"post_tag","embeddable":true,"href":"https:\/\/krankenhauspfarramt.de\/index.php\/wp-json\/wp\/v2\/tags?post=6659"}],"curies":[{"name":"wp","href":"https:\/\/api.w.org\/{rel}","templated":true}]}}