{"id":6670,"date":"2024-03-06T18:35:08","date_gmt":"2024-03-06T18:35:08","guid":{"rendered":"https:\/\/krankenhauspfarramt.de\/index.php\/2024\/03\/06\/05-03-2024-gemeinsames-grusswort-zum-islamischen-fastenmonat-ramadan\/"},"modified":"2024-03-06T18:35:08","modified_gmt":"2024-03-06T18:35:08","slug":"05-03-2024-gemeinsames-grusswort-zum-islamischen-fastenmonat-ramadan","status":"publish","type":"post","link":"https:\/\/krankenhauspfarramt.de\/index.php\/2024\/03\/06\/05-03-2024-gemeinsames-grusswort-zum-islamischen-fastenmonat-ramadan\/","title":{"rendered":"05.03.2024 Gemeinsames Gru\u00dfwort zum islamischen Fastenmonat Ramadan"},"content":{"rendered":"<p><img decoding=\"async\" src=\"https:\/\/www.elk-wue.de\/\" \/><\/p>\n<div id=\"c48263\">\n<header>\n<h2 class=\"b_is-headline\">Gemeinsames Gru\u00dfwort zum islamischen Fastenmonat Ramadan<\/h2>\n<\/header>\n<p>Karlsruhe\/Stuttgart. \u201eLassen Sie uns gemeinsam daf\u00fcr eintreten, dass alle Menschen, egal welcher Religion oder Herkunft, sich in Baden-W\u00fcrttemberg sicher f\u00fchlen.\u201c In einem gemeinsamen Gru\u00dfwort zum islamischen Fastenmonat Ramadan wenden sich Landesbisch\u00f6fin Heike Springhart und Landesbischof Ernst-Wilhelm Gohl an die Musliminnen und Muslime in Baden-W\u00fcrttemberg. Der Fastenmonat, die Passions- und Osterzeit m\u00f6ge eine Zeit der Besinnung schenken und bewusst machen, \u201edass wir aus Gottes G\u00fcte leben und darin unser aller W\u00fcrde besteht\u201c.<\/p>\n<p>Gohl und Springhart w\u00fcnschen sich in ihrem Gru\u00dfwort an die Musliminnen und Muslime den \u201eAustausch, die gegenseitige Solidarit\u00e4t und das Vertrauen, nicht zuletzt auch eine Auseinandersetzung mit judenfeindlichen und extremistischen Tendenzen in unserer Gesellschaft\u201c.<\/p>\n<p>Der Krieg in Nahost werfe mit seinen Auswirkungen bis in unsere Gesellschaft hinein Fragen auf. \u201eEs fehlen die Worte, um die Not und das Leid zu beschreiben, die Menschen auf beiden Seiten des Krieges betreffen. Gewalt, Hass und Terror bringen Tod und Zerst\u00f6rung, sie kennen nur Verlierer\u201c, so Springhart und Gohl in ihrem Gru\u00dfwort. Auch in Deutschland und in Baden-W\u00fcrttemberg sp\u00fcre man die zerst\u00f6rerischen Wirkungen dieser Gewalt, \u201evon denen nicht allein Menschen in Israel und Pal\u00e4stina, sondern alle betroffen sind, die mit dort lebenden Menschen famili\u00e4r oder freundschaftlich verbunden sind\u201c.<\/p>\n<p>Die Komplexit\u00e4t der Lage werde t\u00e4glich deutlicher. \u201eWir sind als evangelische Landeskirchen seit langem auf verschiedene Weise verbunden mit Juden, Christen und Muslimen in Israel und in Pal\u00e4stina. Schon in den vergangenen Jahren war es herausfordernd, eine \u201adoppelte Verbundenheit\u2018 mit Menschen in Israel und in Pal\u00e4stina zum Ausdruck zu bringen und mit Leben und Empathie zu f\u00fcllen. Aber daran halten wir auch in diesen schwierigen Zeiten fest.\u201c<\/p>\n<p>Der barbarische Terrorangriff der Hamas auf Israel und die rapide ansteigende Zahl antisemitischer \u00dcbergriffe in Deutschland riefen sie als Christinnen und Christen, aber auch als B\u00fcrgerinnen und B\u00fcrger in diesem Land in die Verantwortung. \u201eZugleich nehmen wir mit gro\u00dfer Sorge wahr, dass viele Muslime sich in die Ecke gedr\u00e4ngt oder gar unwillkommen im eigenen Land f\u00fchlen. Anschl\u00e4ge auf Moscheen und Bedrohungen von Personen und Gemeinden haben ein erschreckendes Ausma\u00df erreicht. Ein Generalverdacht wirkt spalterisch und der Rechtfertigungsdruck untergr\u00e4bt die gewachsene christlich-muslimische Beziehungskultur. Auch hier stehen wir in der Verantwortung.\u201c<\/p>\n<p>Die badische Landesbisch\u00f6fin Heike Springhart und der w\u00fcrttembergische Landesbischof Ernst-Wilhelm Gohl betonen: \u201eWir sehnen uns nach Gerechtigkeit und nach Frieden, einem Frieden, der tragf\u00e4hig ist, weil er nicht einseitig Partei ergreift, sondern allen, Juden, Muslimen und Christen, sei es hier in Deutschland, in Israel und Pal\u00e4stina, ja weltweit Raum zum Leben und zur Entfaltung gibt.\u201c<\/p>\n<p><em>Das Gru\u00dfwort im Original finden Sie im Anhang.<\/em><\/p>\n<p>Dan Peter<br \/>Sprecher der Landeskirche<\/p>\n<p><strong>Hinweis:<\/strong> Die Pressemitteilung wird von den evangelischen Landeskirchen in Baden und W\u00fcrttemberg zeitgleich versendet. Wir bitten, Doppelungen zu entschuldigen.<\/p>\n<p>\u00a0<\/p>\n<\/div>\n","protected":false},"excerpt":{"rendered":"<p>Gemeinsames Gru\u00dfwort zum islamischen Fastenmonat Ramadan Karlsruhe\/Stuttgart. \u201eLassen Sie uns gemeinsam daf\u00fcr eintreten, dass alle Menschen, egal welcher Religion oder<\/p>\n","protected":false},"author":1,"featured_media":0,"comment_status":"closed","ping_status":"closed","sticky":false,"template":"","format":"standard","meta":{"footnotes":""},"categories":[21],"tags":[],"_links":{"self":[{"href":"https:\/\/krankenhauspfarramt.de\/index.php\/wp-json\/wp\/v2\/posts\/6670"}],"collection":[{"href":"https:\/\/krankenhauspfarramt.de\/index.php\/wp-json\/wp\/v2\/posts"}],"about":[{"href":"https:\/\/krankenhauspfarramt.de\/index.php\/wp-json\/wp\/v2\/types\/post"}],"author":[{"embeddable":true,"href":"https:\/\/krankenhauspfarramt.de\/index.php\/wp-json\/wp\/v2\/users\/1"}],"replies":[{"embeddable":true,"href":"https:\/\/krankenhauspfarramt.de\/index.php\/wp-json\/wp\/v2\/comments?post=6670"}],"version-history":[{"count":0,"href":"https:\/\/krankenhauspfarramt.de\/index.php\/wp-json\/wp\/v2\/posts\/6670\/revisions"}],"wp:attachment":[{"href":"https:\/\/krankenhauspfarramt.de\/index.php\/wp-json\/wp\/v2\/media?parent=6670"}],"wp:term":[{"taxonomy":"category","embeddable":true,"href":"https:\/\/krankenhauspfarramt.de\/index.php\/wp-json\/wp\/v2\/categories?post=6670"},{"taxonomy":"post_tag","embeddable":true,"href":"https:\/\/krankenhauspfarramt.de\/index.php\/wp-json\/wp\/v2\/tags?post=6670"}],"curies":[{"name":"wp","href":"https:\/\/api.w.org\/{rel}","templated":true}]}}