{"id":6682,"date":"2024-03-11T16:55:17","date_gmt":"2024-03-11T16:55:17","guid":{"rendered":"https:\/\/krankenhauspfarramt.de\/index.php\/2024\/03\/11\/anne-helene-kratzert-wird-neue-kirchentagspastorin-ekd\/"},"modified":"2024-03-11T16:55:20","modified_gmt":"2024-03-11T16:55:20","slug":"anne-helene-kratzert-wird-neue-kirchentagspastorin-ekd","status":"publish","type":"post","link":"https:\/\/krankenhauspfarramt.de\/index.php\/2024\/03\/11\/anne-helene-kratzert-wird-neue-kirchentagspastorin-ekd\/","title":{"rendered":"Anne Helene Kratzert wird neue Kirchentagspastorin \u2013 EKD"},"content":{"rendered":"<p> <br \/>\n<\/p>\n<div>\n<p>Sie studierte den Angaben zufolge Theologie in Leipzig, Cheltenham (Gro\u00dfbritannien), Berlin und Heidelberg. 2013 wurde sie in Heidelberg promoviert. Von 2010 bis 2012 absolvierte sie demnach ihr Vikariat in der Evangelischen Landeskirche in Baden. \u201eKirchentag bietet die M\u00f6glichkeit, au\u00dferhalb kirchlicher Strukturen den Glauben zu feiern, die Kirche in ihren Sch\u00f6nheiten und ihren Schwierigkeiten zu bedenken und die gro\u00dfe Vielfalt christlichen Lebens in unserem Kulturraum zu zeigen\u201c, erkl\u00e4rte Kratzert.<\/p>\n<p>Kratzert wird Nachfolgerin von Arnd Schomerus, der im vergangenen Jahr nach neun Jahren beim Kirchentag zur\u00fcck in den Landeskirchlichen Dienst der Nordkirche wechselte. Der Deutsche Evangelische Kirchentag wurde 1949 als christliche Laienbewegung gegr\u00fcndet. Der n\u00e4chste Kirchentag findet vom 30. April bis 4. Mai 2025 in Hannover statt.<\/p>\n<\/p><\/div>\n","protected":false},"excerpt":{"rendered":"<p>Sie studierte den Angaben zufolge Theologie in Leipzig, Cheltenham (Gro\u00dfbritannien), Berlin und Heidelberg. 2013 wurde sie in Heidelberg promoviert. Von<\/p>\n","protected":false},"author":2,"featured_media":6683,"comment_status":"closed","ping_status":"closed","sticky":false,"template":"","format":"standard","meta":{"footnotes":""},"categories":[20],"tags":[],"_links":{"self":[{"href":"https:\/\/krankenhauspfarramt.de\/index.php\/wp-json\/wp\/v2\/posts\/6682"}],"collection":[{"href":"https:\/\/krankenhauspfarramt.de\/index.php\/wp-json\/wp\/v2\/posts"}],"about":[{"href":"https:\/\/krankenhauspfarramt.de\/index.php\/wp-json\/wp\/v2\/types\/post"}],"author":[{"embeddable":true,"href":"https:\/\/krankenhauspfarramt.de\/index.php\/wp-json\/wp\/v2\/users\/2"}],"replies":[{"embeddable":true,"href":"https:\/\/krankenhauspfarramt.de\/index.php\/wp-json\/wp\/v2\/comments?post=6682"}],"version-history":[{"count":1,"href":"https:\/\/krankenhauspfarramt.de\/index.php\/wp-json\/wp\/v2\/posts\/6682\/revisions"}],"predecessor-version":[{"id":6684,"href":"https:\/\/krankenhauspfarramt.de\/index.php\/wp-json\/wp\/v2\/posts\/6682\/revisions\/6684"}],"wp:featuredmedia":[{"embeddable":true,"href":"https:\/\/krankenhauspfarramt.de\/index.php\/wp-json\/wp\/v2\/media\/6683"}],"wp:attachment":[{"href":"https:\/\/krankenhauspfarramt.de\/index.php\/wp-json\/wp\/v2\/media?parent=6682"}],"wp:term":[{"taxonomy":"category","embeddable":true,"href":"https:\/\/krankenhauspfarramt.de\/index.php\/wp-json\/wp\/v2\/categories?post=6682"},{"taxonomy":"post_tag","embeddable":true,"href":"https:\/\/krankenhauspfarramt.de\/index.php\/wp-json\/wp\/v2\/tags?post=6682"}],"curies":[{"name":"wp","href":"https:\/\/api.w.org\/{rel}","templated":true}]}}