{"id":6685,"date":"2024-03-12T09:36:26","date_gmt":"2024-03-12T09:36:26","guid":{"rendered":"https:\/\/krankenhauspfarramt.de\/index.php\/2024\/03\/12\/austausch-ueber-massnahmenplan-ekd-rat-tagte-gemeinsam-mit-betroffenen-vertreterinnen-ekd\/"},"modified":"2024-03-12T09:36:28","modified_gmt":"2024-03-12T09:36:28","slug":"austausch-ueber-massnahmenplan-ekd-rat-tagte-gemeinsam-mit-betroffenen-vertreterinnen-ekd","status":"publish","type":"post","link":"https:\/\/krankenhauspfarramt.de\/index.php\/2024\/03\/12\/austausch-ueber-massnahmenplan-ekd-rat-tagte-gemeinsam-mit-betroffenen-vertreterinnen-ekd\/","title":{"rendered":"Austausch \u00fcber Ma\u00dfnahmenplan, EKD-Rat tagte gemeinsam mit Betroffenen-Vertreter:innen \u2013 EKD"},"content":{"rendered":"<p> <br \/>\n<\/p>\n<div>\n<p>In der gemeinsamen Beratung des Rates mit dem Beteiligungsforum bekr\u00e4ftigten die Ratsmitglieder gegen\u00fcber den betroffenen Menschen, dass die EKD die in der ForuM-Studie deutlich gewordenen Aufgaben entschlossen angeht. \u201eWir setzen alles daran, Aufarbeitung und Pr\u00e4vention in Kirche und Diakonie in einem transparenten Prozess voranzubringen\u201c, so die amtierende Ratsvorsitzende Bisch\u00f6fin Kirsten Fehrs. Gleiches hatten zuvor auch die Mitglieder der Kirchenkonferenz unterstrichen. Ein besonderes Augenmerk liegt dabei in der Entwicklung und Umsetzung von Standards. \u201eAuch wenn Sie nach passenden Worten noch ringen, Sie m\u00fcssen \u00fcber sexualisierte Gewalt sprechen. Sie d\u00fcrfen nicht schweigen\u201c, gab Nancy Janz, Sprecherin der Betroffenenvertretung im Beteiligungsforum den Ratsmitgliedern auf den Weg.<\/p>\n<p>\u00dcber den aktuellen Stand der Aufarbeitung sexualisierter Gewalt in der evangelischen Kirche und der Diakonie und den Stand der Bearbeitung der ForuM-Empfehlungen informiert ab sofort auch das \u201eForuM-Bulletin\u201c. Der etwa alle sechs Wochen erscheinende Newsletter kann unter www.ekd.de\/ForuM-Bulletin abonniert werden.<\/p>\n<p>Im weiteren Verlauf der Sitzung berieten die Ratsmitglieder auch \u00fcber die thematischen Schwerpunkte, die die evangelische Kirche neben der Aufarbeitung sexualisierter Gewalt in n\u00e4chster Zeit besonders gewichten will. Dazu z\u00e4hlt angesichts der bevorstehenden Europa- und Landtagswahlen das Eintreten f\u00fcr Demokratie, Vielfalt und Freiheit. Auch der Einsatz f\u00fcr Klimagerechtigkeit sowie die Weiterarbeit an kirchlichen Klimaschutzma\u00dfnahmen sowie ethische Fragen zum Schutz des Lebens werden in den kommenden Jahren die besondere Aufmerksamkeit des Rates haben. F\u00fcr eine st\u00e4rkere Sichtbarkeit des kirchlichen Engagements soll ein gesamtkirchliches Themenmanagement eingef\u00fchrt werden, das derzeit entwickelt wird.<\/p>\n<p>Der Unterst\u00fctzung eines sprach- und handlungsf\u00e4higen Glaubens dient der von der Synode der EKD beschlossene #glaubenstark-Fonds, \u00fcber dessen Entwicklung sich die Ratsmitglieder informieren lie\u00dfen. Der Fonds f\u00f6rdert \u00fcber den Digitalinnovationsfonds Projekte zur Glaubenskommunikation.<\/p>\n<p>Das Interesse junger Menschen an Kirche und Glauben belegt die k\u00fcrzlich vorgestellte 3. Bundesweite Studie zur Konfirmandenarbeit, deren Ergebnisse im Rat vorgestellt wurden. Zu diesem zentralen Arbeitsfeld wird die EKD einen Grundlagentext erstellen. Einen entsprechenden Auftrag gab der Rat an das Kammernetzwerk der EKD.<\/p>\n<p>Die kommende Ratssitzung ist f\u00fcr 19. und 20. April geplant.<\/p>\n<\/p><\/div>\n","protected":false},"excerpt":{"rendered":"<p>In der gemeinsamen Beratung des Rates mit dem Beteiligungsforum bekr\u00e4ftigten die Ratsmitglieder gegen\u00fcber den betroffenen Menschen, dass die EKD die<\/p>\n","protected":false},"author":2,"featured_media":6686,"comment_status":"closed","ping_status":"closed","sticky":false,"template":"","format":"standard","meta":{"footnotes":""},"categories":[20],"tags":[],"_links":{"self":[{"href":"https:\/\/krankenhauspfarramt.de\/index.php\/wp-json\/wp\/v2\/posts\/6685"}],"collection":[{"href":"https:\/\/krankenhauspfarramt.de\/index.php\/wp-json\/wp\/v2\/posts"}],"about":[{"href":"https:\/\/krankenhauspfarramt.de\/index.php\/wp-json\/wp\/v2\/types\/post"}],"author":[{"embeddable":true,"href":"https:\/\/krankenhauspfarramt.de\/index.php\/wp-json\/wp\/v2\/users\/2"}],"replies":[{"embeddable":true,"href":"https:\/\/krankenhauspfarramt.de\/index.php\/wp-json\/wp\/v2\/comments?post=6685"}],"version-history":[{"count":1,"href":"https:\/\/krankenhauspfarramt.de\/index.php\/wp-json\/wp\/v2\/posts\/6685\/revisions"}],"predecessor-version":[{"id":6687,"href":"https:\/\/krankenhauspfarramt.de\/index.php\/wp-json\/wp\/v2\/posts\/6685\/revisions\/6687"}],"wp:featuredmedia":[{"embeddable":true,"href":"https:\/\/krankenhauspfarramt.de\/index.php\/wp-json\/wp\/v2\/media\/6686"}],"wp:attachment":[{"href":"https:\/\/krankenhauspfarramt.de\/index.php\/wp-json\/wp\/v2\/media?parent=6685"}],"wp:term":[{"taxonomy":"category","embeddable":true,"href":"https:\/\/krankenhauspfarramt.de\/index.php\/wp-json\/wp\/v2\/categories?post=6685"},{"taxonomy":"post_tag","embeddable":true,"href":"https:\/\/krankenhauspfarramt.de\/index.php\/wp-json\/wp\/v2\/tags?post=6685"}],"curies":[{"name":"wp","href":"https:\/\/api.w.org\/{rel}","templated":true}]}}