{"id":673,"date":"2020-03-27T16:58:53","date_gmt":"2020-03-27T16:58:53","guid":{"rendered":"https:\/\/krankenhauspfarramt.de\/index.php\/2020\/03\/27\/nachfrage-nach-essen-und-kleidung-verdoppelt-ekd\/"},"modified":"2020-03-29T04:59:42","modified_gmt":"2020-03-29T04:59:42","slug":"nachfrage-nach-essen-und-kleidung-verdoppelt-ekd","status":"publish","type":"post","link":"https:\/\/krankenhauspfarramt.de\/index.php\/2020\/03\/27\/nachfrage-nach-essen-und-kleidung-verdoppelt-ekd\/","title":{"rendered":"Nachfrage nach Essen und Kleidung verdoppelt \u2013 EKD"},"content":{"rendered":"<p> <br \/>\n<\/p>\n<div id=\"\">\n<p>M\u00fcnchen (epd). Die M\u00fcnchner Bahnhofsmission will ihr Angebot f\u00fcr die Hilfesuchenden auch in der Corona-Krise weiterhin rund um die Uhr vorhalten. Das Team an Gleis 11 am M\u00fcnchner Hauptbahnhof werde auch weiterhin die \u00c4rmsten mit dem Notwendigsten versorgen, teilte die Bahnhofsmission am Donnerstag mit. F\u00fcr diese Menschen br\u00e4chen wegen Corona jeden Tag weitere Hilfsangebote weg, weil immer mehr Einrichtungen schlie\u00dfen oder ihr Angebot auf Telefon- oder Online-Beratungen umstellen, sagte Bettina Spahn, Leiterin der Katholischen Bahnhofsmission. Der existenzielle Bedarf sei sehr hoch, betonte ihre Kollegin Barbara Thoma, Leiterin der Evangelischen Bahnhofsmission, die unter demselben Dach sitzt. Die Anzahl der Menschen, die wegen Essen und Kleidung br\u00e4uchten, habe sich in der Corona-Krise verdoppelt.<\/p>\n<p>Aktuell k\u00e4men t\u00e4glich rund 600 Menschen zur Bahnhofsmission, hie\u00df es. In Abstimmung mit der Stadt werde versucht, die durch den Wegfall anderer Angebote entstandene L\u00fccke so gut wie m\u00f6glich zu f\u00fcllen und die Menschen aufzufangen, sagte Spahn. Auch der Beratungsbedarf ver\u00e4ndere sich: Eine grundlegende Verunsicherung und Zukunftsangst, Krisen sowie Wohnungslosigkeit und finanzielle Notlagen seien h\u00e4ufige Themen. Die Leiterinnen zeigten sich dankbar f\u00fcr die gro\u00dfe Spendenbereitschaft und betonten, sie seien auch weiterhin auf finanzielle Unterst\u00fctzung ihrer Arbeit angewiesen. Das Engagement der Mitarbeitenden sei unglaublich &#8211; sie leisteten in diesen Wochen Schwerstarbeit. &#8222;Alle geben ihr \u00c4u\u00dferstes, um die zus\u00e4tzliche Not zu lindern&#8220;, so Thoma.<\/p>\n<p>Das Team helfe in gewohnter Weise durch Notversorgung, Beratung, Clearing und Vermittlung. Hinzu komme viel zus\u00e4tzliche Arbeit, weil viele Anlaufstellen, an die die Bahnhofsmission gew\u00f6hnlich weitervermittelt hat, inzwischen nur eingeschr\u00e4nkt erreichbar sind. So habe die Bahnhofsmission etwa die Auszahlungen aus dem Allgemeinen Notlagenfonds der Erzdi\u00f6zese M\u00fcnchen \u00fcbernommen, da die Fachstellen keinen Kundenverkehr mehr anbieten. Zudem seien viele Menschen, die bisher schon in Not waren, durch die Corona-Krise extrem verunsichert.<\/p>\n<p>Bei der Arbeit der Bahnhofsmission w\u00fcrden nat\u00fcrlich die gesundheitlich notwendigen Vorsichtsma\u00dfnahmen durchgef\u00fchrt, sagte eine Sprecherin auf Anfrage. Es werde stark auf Hygiene und Abstand geachtet. So w\u00fcrden alle Tische, St\u00fchle und Stifte nach jeder Beratung desinfiziert. Bei der Ausgabe von Lebensmitteln tr\u00fcgen die Mitarbeiter Mundschutz und Handschuhe. Unter den Wartenden werde f\u00fcr ausreichenden Abstand gesorgt, zudem werde regelm\u00e4\u00dfig gel\u00fcftet.<\/p>\n<p>Erfreulicherweise meldeten sich derzeit viele M\u00fcnchner B\u00fcrger, die helfen wollen, hie\u00df es. Aktuell habe die Bahnhofsmission keinen weiteren Bedarf an Ehrenamtlichen.\u00a0<\/p>\n<p>Zur Internetseite der Bahnhofsmission<\/p>\n<p>\u00a0<\/p>\n<\/div>\n","protected":false},"excerpt":{"rendered":"<p>M\u00fcnchen (epd). Die M\u00fcnchner Bahnhofsmission will ihr Angebot f\u00fcr die Hilfesuchenden auch in der Corona-Krise weiterhin rund um die Uhr<\/p>\n","protected":false},"author":1,"featured_media":674,"comment_status":"closed","ping_status":"closed","sticky":false,"template":"","format":"standard","meta":{"footnotes":""},"categories":[20],"tags":[],"_links":{"self":[{"href":"https:\/\/krankenhauspfarramt.de\/index.php\/wp-json\/wp\/v2\/posts\/673"}],"collection":[{"href":"https:\/\/krankenhauspfarramt.de\/index.php\/wp-json\/wp\/v2\/posts"}],"about":[{"href":"https:\/\/krankenhauspfarramt.de\/index.php\/wp-json\/wp\/v2\/types\/post"}],"author":[{"embeddable":true,"href":"https:\/\/krankenhauspfarramt.de\/index.php\/wp-json\/wp\/v2\/users\/1"}],"replies":[{"embeddable":true,"href":"https:\/\/krankenhauspfarramt.de\/index.php\/wp-json\/wp\/v2\/comments?post=673"}],"version-history":[{"count":1,"href":"https:\/\/krankenhauspfarramt.de\/index.php\/wp-json\/wp\/v2\/posts\/673\/revisions"}],"predecessor-version":[{"id":675,"href":"https:\/\/krankenhauspfarramt.de\/index.php\/wp-json\/wp\/v2\/posts\/673\/revisions\/675"}],"wp:featuredmedia":[{"embeddable":true,"href":"https:\/\/krankenhauspfarramt.de\/index.php\/wp-json\/wp\/v2\/media\/674"}],"wp:attachment":[{"href":"https:\/\/krankenhauspfarramt.de\/index.php\/wp-json\/wp\/v2\/media?parent=673"}],"wp:term":[{"taxonomy":"category","embeddable":true,"href":"https:\/\/krankenhauspfarramt.de\/index.php\/wp-json\/wp\/v2\/categories?post=673"},{"taxonomy":"post_tag","embeddable":true,"href":"https:\/\/krankenhauspfarramt.de\/index.php\/wp-json\/wp\/v2\/tags?post=673"}],"curies":[{"name":"wp","href":"https:\/\/api.w.org\/{rel}","templated":true}]}}