{"id":6746,"date":"2024-03-28T15:09:32","date_gmt":"2024-03-28T15:09:32","guid":{"rendered":"https:\/\/krankenhauspfarramt.de\/index.php\/2024\/03\/28\/die-welt-braucht-einen-neuanfang-ekd\/"},"modified":"2024-03-28T15:09:34","modified_gmt":"2024-03-28T15:09:34","slug":"die-welt-braucht-einen-neuanfang-ekd","status":"publish","type":"post","link":"https:\/\/krankenhauspfarramt.de\/index.php\/2024\/03\/28\/die-welt-braucht-einen-neuanfang-ekd\/","title":{"rendered":"\u201eDie Welt braucht einen Neuanfang\u201c \u2013 EKD"},"content":{"rendered":"<p> <br \/>\n<\/p>\n<div>\n<p>Fehrs betonte angesichts des russischen Angriffskriegs in der Ukraine und dem Krieg in Nahost, gro\u00df sei die Sehnsucht nach Aufbruch, Fr\u00fchling und Befreiung zu einem unbeschwerten und unbedrohten Leben und neuer Hoffnung. \u201eDie Welt braucht einen Neuanfang, denn sie muss anders werden. Menschlicher. Lebensnaher.\u201c<\/p>\n<p>Sie nahm aber auch Bezug auf die Stimmung in der deutschen Gesellschaft. Ostern hei\u00dfe, sich aufwecken lassen angesichts der Bedrohungen der Demokratie, sagte Fehrs. \u201eOstern hei\u00dft: Aufstehen f\u00fcr ein Ende von Krieg und Gewalt, f\u00fcr eine gerechte Gesellschaft, f\u00fcr die Menschenw\u00fcrde auch in unserem Land.\u201c<\/p>\n<\/p><\/div>\n","protected":false},"excerpt":{"rendered":"<p>Fehrs betonte angesichts des russischen Angriffskriegs in der Ukraine und dem Krieg in Nahost, gro\u00df sei die Sehnsucht nach Aufbruch,<\/p>\n","protected":false},"author":2,"featured_media":6747,"comment_status":"closed","ping_status":"closed","sticky":false,"template":"","format":"standard","meta":{"footnotes":""},"categories":[20],"tags":[],"_links":{"self":[{"href":"https:\/\/krankenhauspfarramt.de\/index.php\/wp-json\/wp\/v2\/posts\/6746"}],"collection":[{"href":"https:\/\/krankenhauspfarramt.de\/index.php\/wp-json\/wp\/v2\/posts"}],"about":[{"href":"https:\/\/krankenhauspfarramt.de\/index.php\/wp-json\/wp\/v2\/types\/post"}],"author":[{"embeddable":true,"href":"https:\/\/krankenhauspfarramt.de\/index.php\/wp-json\/wp\/v2\/users\/2"}],"replies":[{"embeddable":true,"href":"https:\/\/krankenhauspfarramt.de\/index.php\/wp-json\/wp\/v2\/comments?post=6746"}],"version-history":[{"count":1,"href":"https:\/\/krankenhauspfarramt.de\/index.php\/wp-json\/wp\/v2\/posts\/6746\/revisions"}],"predecessor-version":[{"id":6748,"href":"https:\/\/krankenhauspfarramt.de\/index.php\/wp-json\/wp\/v2\/posts\/6746\/revisions\/6748"}],"wp:featuredmedia":[{"embeddable":true,"href":"https:\/\/krankenhauspfarramt.de\/index.php\/wp-json\/wp\/v2\/media\/6747"}],"wp:attachment":[{"href":"https:\/\/krankenhauspfarramt.de\/index.php\/wp-json\/wp\/v2\/media?parent=6746"}],"wp:term":[{"taxonomy":"category","embeddable":true,"href":"https:\/\/krankenhauspfarramt.de\/index.php\/wp-json\/wp\/v2\/categories?post=6746"},{"taxonomy":"post_tag","embeddable":true,"href":"https:\/\/krankenhauspfarramt.de\/index.php\/wp-json\/wp\/v2\/tags?post=6746"}],"curies":[{"name":"wp","href":"https:\/\/api.w.org\/{rel}","templated":true}]}}