{"id":676,"date":"2020-03-27T21:34:02","date_gmt":"2020-03-27T21:34:02","guid":{"rendered":"https:\/\/krankenhauspfarramt.de\/index.php\/2020\/03\/27\/ekd-sucht-nach-weg-zum-weiteren-engagement-in-journalistenausbildung\/"},"modified":"2020-04-06T14:46:03","modified_gmt":"2020-04-06T14:46:03","slug":"ekd-sucht-nach-weg-zum-weiteren-engagement-in-journalistenausbildung","status":"publish","type":"post","link":"https:\/\/krankenhauspfarramt.de\/index.php\/2020\/03\/27\/ekd-sucht-nach-weg-zum-weiteren-engagement-in-journalistenausbildung\/","title":{"rendered":"EKD sucht nach Weg zum weiteren Engagement in Journalistenausbildung"},"content":{"rendered":"<p> <br \/>\n<br \/>Der Rat der EKD hat am 27. M\u00e4rz 2020 erneut \u00fcber die geplanten Umstrukturierungsma\u00dfnahmen im GEP beraten und &#034;zustimmend den Beschluss des Aufsichtsrates zur Kenntnis genommen, dass die Ausschreibung des 14. Jahrgangs der EJS ausgesetzt wird&#034;, erkl\u00e4rte Volker Jung.<\/p>\n","protected":false},"excerpt":{"rendered":"<p>Der Rat der EKD hat am 27. M\u00e4rz 2020 erneut \u00fcber die geplanten Umstrukturierungsma\u00dfnahmen im GEP beraten und &#034;zustimmend den<\/p>\n","protected":false},"author":1,"featured_media":677,"comment_status":"closed","ping_status":"closed","sticky":false,"template":"","format":"standard","meta":{"footnotes":""},"categories":[20],"tags":[],"_links":{"self":[{"href":"https:\/\/krankenhauspfarramt.de\/index.php\/wp-json\/wp\/v2\/posts\/676"}],"collection":[{"href":"https:\/\/krankenhauspfarramt.de\/index.php\/wp-json\/wp\/v2\/posts"}],"about":[{"href":"https:\/\/krankenhauspfarramt.de\/index.php\/wp-json\/wp\/v2\/types\/post"}],"author":[{"embeddable":true,"href":"https:\/\/krankenhauspfarramt.de\/index.php\/wp-json\/wp\/v2\/users\/1"}],"replies":[{"embeddable":true,"href":"https:\/\/krankenhauspfarramt.de\/index.php\/wp-json\/wp\/v2\/comments?post=676"}],"version-history":[{"count":1,"href":"https:\/\/krankenhauspfarramt.de\/index.php\/wp-json\/wp\/v2\/posts\/676\/revisions"}],"predecessor-version":[{"id":678,"href":"https:\/\/krankenhauspfarramt.de\/index.php\/wp-json\/wp\/v2\/posts\/676\/revisions\/678"}],"wp:featuredmedia":[{"embeddable":true,"href":"https:\/\/krankenhauspfarramt.de\/index.php\/wp-json\/wp\/v2\/media\/677"}],"wp:attachment":[{"href":"https:\/\/krankenhauspfarramt.de\/index.php\/wp-json\/wp\/v2\/media?parent=676"}],"wp:term":[{"taxonomy":"category","embeddable":true,"href":"https:\/\/krankenhauspfarramt.de\/index.php\/wp-json\/wp\/v2\/categories?post=676"},{"taxonomy":"post_tag","embeddable":true,"href":"https:\/\/krankenhauspfarramt.de\/index.php\/wp-json\/wp\/v2\/tags?post=676"}],"curies":[{"name":"wp","href":"https:\/\/api.w.org\/{rel}","templated":true}]}}