{"id":679,"date":"2020-03-28T10:59:17","date_gmt":"2020-03-28T10:59:17","guid":{"rendered":"https:\/\/krankenhauspfarramt.de\/index.php\/2020\/03\/28\/eine-starke-stimme-fuer-die-naechstenliebe-ekd\/"},"modified":"2020-04-06T14:45:56","modified_gmt":"2020-04-06T14:45:56","slug":"eine-starke-stimme-fuer-die-naechstenliebe-ekd","status":"publish","type":"post","link":"https:\/\/krankenhauspfarramt.de\/index.php\/2020\/03\/28\/eine-starke-stimme-fuer-die-naechstenliebe-ekd\/","title":{"rendered":"\u201eEine starke Stimme f\u00fcr die N\u00e4chstenliebe\u201c \u2013 EKD"},"content":{"rendered":"<p>[vc_row][vc_column][vc_column_text text_larger=&#8220;no&#8220;]<\/p>\n<div id=\"\">\n<div class=\"article--meta article--meta__border clearfix\">\n<p><time class=\"article--time\" datetime=\"28.03.2020 10:00\">28.03.2020 <\/time><strong class=\"article--type primus--overline\">Pressemitteilung<\/strong><\/p>\n<picture class=\"article--source-image image\"><source srcset=\"\/ekd_de\/ds_img\/assets\/20170622_ekd-Quellenlogo_141.png\" \/><!--<source srcset=\"\/ekd_de\/ds_img\/assets\/20170622_ekd-Quellenlogo_141_rdax_141x59.png 1x, \/ekd_de\/ds_img\/assets\/20170622_ekd-Quellenlogo_141_rdax_282x118.png 2x, \/ekd_de\/ds_img\/assets\/20170622_ekd-Quellenlogo_141.png 3x\">--><\/picture>\n<\/div>\n<h2 class=\"article--sub-headline primus--sub-headline\">Pr\u00e4ses Schwaetzer gratuliert Bedford-Strohm zum 60. Geburtstag<\/h2>\n<\/div>\n<div id=\"\">\n<p style=\"margin: 0cm 0cm 0.0001pt 0cm;\">Zum 60. Geburtstag (30. M\u00e4rz 2020) des Ratsvorsitzenden der Evangelischen Kirche in Deutschland (EKD), Landesbischof Heinrich Bedford-Strohm, hat die Pr\u00e4ses der EKD-Synode, Irmgard Schwaetzer, die Gl\u00fcckw\u00fcnsche der Synode der EKD \u00fcbermittelt und sich f\u00fcr die Zusammenarbeit bedankt.<\/p>\n<p style=\"margin: 0cm 0cm 0.0001pt 0cm;\">\u201eHeinrich Bedford Strohm ist ein Ratsvorsitzender, der die Botschaft Jesu Christi gegen die Ungerechtigkeiten der Welt in unserer s\u00e4kularen Gesellschaft zu vertreten wei\u00df und dabei immer auf der Seite der Armen und Bedr\u00e4ngten steht\u201c, w\u00fcrdigte Schwaetzer seine Arbeit. \u201eEr ist eine starke Stimme in unserer Welt f\u00fcr die N\u00e4chstenliebe, gegen Hass und Gewalt\u201c, so die Pr\u00e4ses der Synode weiter. Er bringe die \u00f6ffentliche Theologie, die er als Wissenschaftler lehrt, als engagiertes Christentum in seinen Predigten und Reden den Menschen nahe. F\u00fcr die Zukunft w\u00fcnschte sie ihm: \u201eDer Segen Gottes m\u00f6ge Dich begleiten auf allen Deinen Wegen im neuen Lebensjahr.\u201c<\/p>\n<p style=\"margin: 0cm 0cm 0.0001pt 0cm;\">Heinrich Bedford-Strohm wurde 1960 in Memmingen geboren. Von 1981 bis 1988 studierte Bedford-Strohm Evangelische Theologie in Erlangen, Heidelberg und Berkeley. Von 1989 bis 1992 war er Assistent am Lehrstuhl f\u00fcr Systematische Theologie und Sozialethik bei Wolfgang Huber an der Universit\u00e4t Heidelberg. Von 1997 bis 1999 und von 2002 bis 2004 war Bedford-Strohm Pfarrer an der Coburger Morizkirche. Von 1999 bis 2001 hatte er eine Vertretungsprofessur f\u00fcr Systematische Theologie an der Universit\u00e4t Gie\u00dfen inne. 2004 folgte er einem Ruf an die Universit\u00e4t Bamberg als Professor f\u00fcr Systematische Theologie und Theologische Gegenwartsfragen. Von 2006 bis 2009 bekleidete er das Amt des Dekans der Fakult\u00e4t Humanwissenschaften an der Universit\u00e4t Bamberg. Von 2009 bis 2011 war er zudem gesch\u00e4ftsf\u00fchrender und verantwortlicher Herausgeber der Zeitschrift Evangelische Theologie (G\u00fctersloher Verlagshaus). Seit 2009 hat er eine au\u00dferordentliche Professur an der Universit\u00e4t Stellenbosch (S\u00fcdafrika) inne.<\/p>\n<p style=\"margin: 0cm 0cm 0.0001pt 0cm;\">Am 4. April 2011 wurde Heinrich Bedford-Strohm zum Landesbischof der Evangelisch-Lutherischen Kirche in Bayern gew\u00e4hlt. Am 11. November 2014 wurde er von der Synode der EKD als Ratsvorsitzender der EKD gew\u00e4hlt &#8211; zun\u00e4chst f\u00fcr ein Jahr, nachdem Nikolaus Schneider sein Amt ein Jahr vor Ende der Wahlperiode aufgegeben hatte. Im November 2015 wurde er mit 124 von 125 Stimmen im Amt best\u00e4tigt. Zu den bisherigen H\u00f6hepunkten seiner Amtsperiode z\u00e4hlt die Ausrichtung des Reformationsjubil\u00e4ums 2017, bei dem er u. a. mit Barack Obama zusammentraf.<\/p>\n<p style=\"margin: 0cm 0cm 0.0001pt 0cm;\">Hannover, 28. M\u00e4rz 2020<\/p>\n<p style=\"margin: 0cm 0cm 0.0001pt 0cm;\">Pressestelle der EKD<\/p>\n<p>Annika Lukas\/Carsten Splitt<\/p>\n<\/div>\n<p>[\/vc_column_text][\/vc_column][\/vc_row]<\/p>\n","protected":false},"excerpt":{"rendered":"<p>[vc_row][vc_column][vc_column_text text_larger=&#8220;no&#8220;] 28.03.2020 Pressemitteilung Pr\u00e4ses Schwaetzer gratuliert Bedford-Strohm zum 60. Geburtstag Zum 60. Geburtstag (30. M\u00e4rz 2020) des Ratsvorsitzenden der<\/p>\n","protected":false},"author":1,"featured_media":569,"comment_status":"closed","ping_status":"closed","sticky":false,"template":"","format":"standard","meta":{"footnotes":""},"categories":[20],"tags":[],"_links":{"self":[{"href":"https:\/\/krankenhauspfarramt.de\/index.php\/wp-json\/wp\/v2\/posts\/679"}],"collection":[{"href":"https:\/\/krankenhauspfarramt.de\/index.php\/wp-json\/wp\/v2\/posts"}],"about":[{"href":"https:\/\/krankenhauspfarramt.de\/index.php\/wp-json\/wp\/v2\/types\/post"}],"author":[{"embeddable":true,"href":"https:\/\/krankenhauspfarramt.de\/index.php\/wp-json\/wp\/v2\/users\/1"}],"replies":[{"embeddable":true,"href":"https:\/\/krankenhauspfarramt.de\/index.php\/wp-json\/wp\/v2\/comments?post=679"}],"version-history":[{"count":2,"href":"https:\/\/krankenhauspfarramt.de\/index.php\/wp-json\/wp\/v2\/posts\/679\/revisions"}],"predecessor-version":[{"id":718,"href":"https:\/\/krankenhauspfarramt.de\/index.php\/wp-json\/wp\/v2\/posts\/679\/revisions\/718"}],"wp:featuredmedia":[{"embeddable":true,"href":"https:\/\/krankenhauspfarramt.de\/index.php\/wp-json\/wp\/v2\/media\/569"}],"wp:attachment":[{"href":"https:\/\/krankenhauspfarramt.de\/index.php\/wp-json\/wp\/v2\/media?parent=679"}],"wp:term":[{"taxonomy":"category","embeddable":true,"href":"https:\/\/krankenhauspfarramt.de\/index.php\/wp-json\/wp\/v2\/categories?post=679"},{"taxonomy":"post_tag","embeddable":true,"href":"https:\/\/krankenhauspfarramt.de\/index.php\/wp-json\/wp\/v2\/tags?post=679"}],"curies":[{"name":"wp","href":"https:\/\/api.w.org\/{rel}","templated":true}]}}