{"id":6798,"date":"2024-04-23T15:32:55","date_gmt":"2024-04-23T15:32:55","guid":{"rendered":"https:\/\/krankenhauspfarramt.de\/index.php\/2024\/04\/23\/pushbacks-finden-nach-wie-vor-an-eu-grenze-statt-ekd\/"},"modified":"2024-04-23T15:32:58","modified_gmt":"2024-04-23T15:32:58","slug":"pushbacks-finden-nach-wie-vor-an-eu-grenze-statt-ekd","status":"publish","type":"post","link":"https:\/\/krankenhauspfarramt.de\/index.php\/2024\/04\/23\/pushbacks-finden-nach-wie-vor-an-eu-grenze-statt-ekd\/","title":{"rendered":"\u201ePushbacks\u201c finden nach wie vor an EU-Grenze statt \u2013 EKD"},"content":{"rendered":"<p> <br \/>\n<\/p>\n<div>\n<p>St\u00e4blein reist noch bis Mittwoch entlang der Fl\u00fcchtlingsroute auf dem Balkan. Am Montag besuchte er ein Lager f\u00fcr Gefl\u00fcchtete in der bosnischen Stadt Bihac, nahe der kroatischen Grenze. Das Lager hat nach Angaben St\u00e4bleins Platz f\u00fcr 1.500 Menschen. Derzeit seien 600 Gefl\u00fcchtete dort, \u00fcberwiegend Menschen aus Syrien und Afghanistan.<\/p>\n<p>Die Situation auf der Balkanroute an den EU-Au\u00dfengrenzen sei wegen anderer Krisen und Konflikte aus dem Blick geraten, erkl\u00e4rte der Bischof. Es zeige sich aber deutlich, dass es f\u00fcr den Umgang mit Gefl\u00fcchteten und Migranten noch keine europ\u00e4ische L\u00f6sung gebe, \u201edie menschenw\u00fcrdig ist und die den Menschen dort gerecht wird\u201c. Europa verrate an dieser Stelle seine eigenen Werte: \u201eEs zeichnet sich immer noch durch eine hochgesicherte Grenze aus, die gegen das eigene Recht Menschen mit Gewalt zur\u00fcckst\u00f6\u00dft.\u201c<\/p>\n<p>Die EU-Asylreform, die das Europ\u00e4ische Parlament vergangene Woche in Br\u00fcssel verabschiedet hat, gebe ihm wenig Hoffnung, dass sich an diesen Zust\u00e4nden etwas \u00e4ndere, sagte St\u00e4blein. Zwar sei sie Zeugnis eines Problembewusstseins, dass die Situation so nicht bleiben d\u00fcrfe. Aber die Reform des Gemeinsamen Europ\u00e4ischen Asylsystems (GEAS) reguliere die Standards \u00fcberall nach unten.<\/p>\n<p>Das Asylsystem setze immer mehr auf Lager au\u00dferhalb des eigenen Territoriums. Diese Lager bedeuteten aber ein Hochr\u00fcsten an den Au\u00dfengrenzen und schafften keine Rechtsinstitutionen, die einen menschenw\u00fcrdigen und rechtsstaatlichen Umgang mit Gefl\u00fcchteten erm\u00f6glichen.<\/p>\n<p style=\"text-align:right\"><em>epd-Gespr\u00e4ch: Franziska Hein<\/em><\/p>\n<p style=\"text-align:right\">\u00a0<\/p>\n<p><strong>Die EKD ver\u00f6ffentlicht auf ihrem Instagram t\u00e4glich ein Videotagebuch der Reise<\/strong><\/p>\n<\/p><\/div>\n<p><script async src=\"\/\/www.instagram.com\/embed.js\"><\/script><\/p>\n","protected":false},"excerpt":{"rendered":"<p>St\u00e4blein reist noch bis Mittwoch entlang der Fl\u00fcchtlingsroute auf dem Balkan. Am Montag besuchte er ein Lager f\u00fcr Gefl\u00fcchtete in<\/p>\n","protected":false},"author":2,"featured_media":6799,"comment_status":"closed","ping_status":"closed","sticky":false,"template":"","format":"standard","meta":{"footnotes":""},"categories":[20],"tags":[],"_links":{"self":[{"href":"https:\/\/krankenhauspfarramt.de\/index.php\/wp-json\/wp\/v2\/posts\/6798"}],"collection":[{"href":"https:\/\/krankenhauspfarramt.de\/index.php\/wp-json\/wp\/v2\/posts"}],"about":[{"href":"https:\/\/krankenhauspfarramt.de\/index.php\/wp-json\/wp\/v2\/types\/post"}],"author":[{"embeddable":true,"href":"https:\/\/krankenhauspfarramt.de\/index.php\/wp-json\/wp\/v2\/users\/2"}],"replies":[{"embeddable":true,"href":"https:\/\/krankenhauspfarramt.de\/index.php\/wp-json\/wp\/v2\/comments?post=6798"}],"version-history":[{"count":1,"href":"https:\/\/krankenhauspfarramt.de\/index.php\/wp-json\/wp\/v2\/posts\/6798\/revisions"}],"predecessor-version":[{"id":6800,"href":"https:\/\/krankenhauspfarramt.de\/index.php\/wp-json\/wp\/v2\/posts\/6798\/revisions\/6800"}],"wp:featuredmedia":[{"embeddable":true,"href":"https:\/\/krankenhauspfarramt.de\/index.php\/wp-json\/wp\/v2\/media\/6799"}],"wp:attachment":[{"href":"https:\/\/krankenhauspfarramt.de\/index.php\/wp-json\/wp\/v2\/media?parent=6798"}],"wp:term":[{"taxonomy":"category","embeddable":true,"href":"https:\/\/krankenhauspfarramt.de\/index.php\/wp-json\/wp\/v2\/categories?post=6798"},{"taxonomy":"post_tag","embeddable":true,"href":"https:\/\/krankenhauspfarramt.de\/index.php\/wp-json\/wp\/v2\/tags?post=6798"}],"curies":[{"name":"wp","href":"https:\/\/api.w.org\/{rel}","templated":true}]}}