{"id":6801,"date":"2024-04-23T16:13:23","date_gmt":"2024-04-23T16:13:23","guid":{"rendered":"https:\/\/krankenhauspfarramt.de\/index.php\/2024\/04\/23\/die-gewalt-an-europas-grenzen-muss-endlich-ein-ende-haben-ekd\/"},"modified":"2024-04-23T16:13:25","modified_gmt":"2024-04-23T16:13:25","slug":"die-gewalt-an-europas-grenzen-muss-endlich-ein-ende-haben-ekd","status":"publish","type":"post","link":"https:\/\/krankenhauspfarramt.de\/index.php\/2024\/04\/23\/die-gewalt-an-europas-grenzen-muss-endlich-ein-ende-haben-ekd\/","title":{"rendered":"\u201eDie Gewalt an Europas Grenzen muss endlich ein Ende haben\u201c \u2013 EKD"},"content":{"rendered":"<p> <br \/>\n<\/p>\n<div id=\"\">\n<div class=\"article--meta article--meta__border clearfix\">\n<p>                                    <time datetime=\"23.04.2024 16:00\" class=\"article--time\">23.04.2024<\/time><\/p>\n<p>                                     <strong class=\"article--type primus--overline\">Pressemitteilung<\/strong><\/p>\n<picture class=\"article--source-image image\"><source srcset=\"https:\/\/www.ekd.de\/ekd_de\/ds_img\/assets\/20170622_ekd-Quellenlogo_141_rdax_423x118.png\"><!--<source srcset=\"\/ekd_de\/ds_img\/assets\/20170622_ekd-Quellenlogo_141_rdax_141x39.png 1x, \/ekd_de\/ds_img\/assets\/20170622_ekd-Quellenlogo_141_rdax_282x78.png 2x, https:\/\/www.ekd.de\/ekd_de\/ds_img\/assets\/20170622_ekd-Quellenlogo_141_rdax_423x118.png 3x\">--><\/p>\n<p>    <\/source><\/picture>\n<\/p><\/div>\n<h2 class=\"article--sub-headline primus--sub-headline\">Besuch an der Balkanroute: EKD-Fl\u00fcchtlingsbischof St\u00e4blein fordert Menschlichkeit im Umgang mit Gefl\u00fcchteten und Migranten<\/h2>\n<\/p><\/div>\n<div id=\"\">\n<p>Mit der Aufforderung, Fl\u00fcchtlinge und Migranten menschenw\u00fcrdig zu behandeln, hat EKD-Fl\u00fcchtlingsbischof Christian St\u00e4blein seinen Besuch auf dem Balkan beendet. Er appellierte an Regierungen und politisch Verantwortliche in Europa, die Menschenrechte an der EU-Au\u00dfengrenze zu achten und nicht einer brutalen Abschottungspolitik zu opfern.<\/p>\n<p>Nach Begegnungen mit Gefl\u00fcchteten in den Fl\u00fcchtlingslagern Lipa und U\u0161ivak zeigte sich St\u00e4blein ersch\u00fcttert von Berichten \u00fcber gewaltsame Zur\u00fcckweisungen, sogenannte Pushbacks: \u201eDass Menschen an der EU-Au\u00dfengrenze von Grenzpolizisten zur\u00fcckgepr\u00fcgelt werden, dass Hunde auf sie gehetzt werden, dass ihnen Arme und Beine gebrochen werden, damit sie nicht weitergehen \u2013 das ist nicht nur gegen jedes Recht, sondern bitterer Alltag auf der Balkanroute und anderswo. Diese Gewalt an Europas Grenzen darf nicht l\u00e4nger von den europ\u00e4ischen Regierungen gebilligt werden. Eine solche Praxis ist kriminell, geh\u00f6rt ge\u00e4chtet und muss endlich ein Ende haben.\u201c<\/p>\n<p>In Gespr\u00e4chen mit unterschiedlichsten Hilfsorganisationen erfuhr Bischof St\u00e4blein auch von der Unterst\u00fctzung f\u00fcr Gefl\u00fcchtete in Kroatien und Bosnien-Herzegowina und von den vielf\u00e4ltigen Herausforderungen und komplexen Konfliktlagen auf dem Balkan. F\u00fcr diese Arbeit unter schwierigen Bedingungen bedankte sich der Fl\u00fcchtlingsbischof ausdr\u00fccklich. \u201eIch bin enorm beeindruckt, welche Hilfe und Solidarit\u00e4t es hier in der Region gibt. Und w\u00fcrde mir sehr w\u00fcnschen, dass diese Arbeit angemessene Aufmerksamkeit und Unterst\u00fctzung erf\u00e4hrt \u2013 die Verantwortung daf\u00fcr liegt nicht nur in der Region, sondern auch auf europ\u00e4ischer Ebene, auch bei uns in Deutschland.\u201c<\/p>\n<p>Schutzsuchenden beizustehen, sei ein Gebot der Menschlichkeit, begr\u00fcndet in der Ebenbildlichkeit Gottes. Bischof St\u00e4blein: \u201eWie wir mit Menschen auf der Flucht umgehen, zeigt auch, wer wir selbst sind. Es ist eine Frage an uns alle \u2013 als Mitmenschen, als B\u00fcrger in Europa. Als Christinnen und Christen, die in Jesus den Fl\u00fcchtling, den Verzweifelten, den Menschen erkennen, stehen wir konsequent f\u00fcr die Rechte jedes Menschen ein. Und wir fordern die Politik auf, entsprechend zu handeln.\u201c<\/p>\n<p><strong>Hintergrund<\/strong><\/p>\n<p>Die Balkanroute bezeichnet einen Fluchtweg, den viele schutzsuchende Menschen nutzen, um auf dem Landweg in die Europ\u00e4ische Union zu gelangen. 2023 waren laut dem UN-Fl\u00fcchtlingshilfswerk UNHCR rund 30.000 Menschen auf der Balkanroute unterwegs. Viele von ihnen \u2013 insbesondere allein reisende Kinder\u00a0\u2013 stranden auf ihrem Weg in bitterer Not und Elend, werden Opfer von Menschenhandel oder erleiden brutale Gewalt durch Grenzsch\u00fctzer.<\/p>\n<p>Bei seiner Reise besuchte Bischof St\u00e4blein Projekte u. a. des Roten Kreuzes, der Diakonie Katastrophenhilfe, World Vision und Hilfe Konkret e.V. Der Verein leistet seit \u00fcber 30 Jahren vielf\u00e4ltige Hilfe in der Region \u2013 in der Unterst\u00fctzung f\u00fcr Gefl\u00fcchtete, f\u00fcr Minderheiten und Menschen mit Behinderungen, in der Katastrophenhilfe und durch Bildungsprojekte \u2013 und wird auch von der EKD unterst\u00fctzt.<\/p>\n<p>Video- und Audiomaterial stellt die Pressestelle der EKD Redaktionen w\u00e4hrend und nach der Reise online zur Verf\u00fcgung unter: https:\/\/kirchencloud.ekd.de\/index.php\/s\/yKP6bwoOqt8ZVS7.<\/p>\n<p>Hier finden Sie ein Video, in dem der Fl\u00fcchtlingshelfer Niels van Slooten dem EKD-Fl\u00fcchtlingsbischof von seinen Erfahrungen erz\u00e4hlt:<\/p>\n<p>Niels van Slooten \u2013 Fl\u00fcchtlingshelfer an der Balkanroute (youtube.com)<\/p>\n<p>Interview-Anfragen nimmt ebenfalls die Pressestelle der EKD unter presse@ekd.de entgegen.<\/p>\n<p>Hannover, 23. April 2024<\/p>\n<p>Pressestelle der EKD<br \/>Annika Lukas<\/p>\n<p>\u00a0<\/p>\n<\/div>\n","protected":false},"excerpt":{"rendered":"<p>23.04.2024 Pressemitteilung Besuch an der Balkanroute: EKD-Fl\u00fcchtlingsbischof St\u00e4blein fordert Menschlichkeit im Umgang mit Gefl\u00fcchteten und Migranten Mit der Aufforderung, Fl\u00fcchtlinge<\/p>\n","protected":false},"author":2,"featured_media":569,"comment_status":"closed","ping_status":"closed","sticky":false,"template":"","format":"standard","meta":{"footnotes":""},"categories":[20],"tags":[],"_links":{"self":[{"href":"https:\/\/krankenhauspfarramt.de\/index.php\/wp-json\/wp\/v2\/posts\/6801"}],"collection":[{"href":"https:\/\/krankenhauspfarramt.de\/index.php\/wp-json\/wp\/v2\/posts"}],"about":[{"href":"https:\/\/krankenhauspfarramt.de\/index.php\/wp-json\/wp\/v2\/types\/post"}],"author":[{"embeddable":true,"href":"https:\/\/krankenhauspfarramt.de\/index.php\/wp-json\/wp\/v2\/users\/2"}],"replies":[{"embeddable":true,"href":"https:\/\/krankenhauspfarramt.de\/index.php\/wp-json\/wp\/v2\/comments?post=6801"}],"version-history":[{"count":1,"href":"https:\/\/krankenhauspfarramt.de\/index.php\/wp-json\/wp\/v2\/posts\/6801\/revisions"}],"predecessor-version":[{"id":6802,"href":"https:\/\/krankenhauspfarramt.de\/index.php\/wp-json\/wp\/v2\/posts\/6801\/revisions\/6802"}],"wp:featuredmedia":[{"embeddable":true,"href":"https:\/\/krankenhauspfarramt.de\/index.php\/wp-json\/wp\/v2\/media\/569"}],"wp:attachment":[{"href":"https:\/\/krankenhauspfarramt.de\/index.php\/wp-json\/wp\/v2\/media?parent=6801"}],"wp:term":[{"taxonomy":"category","embeddable":true,"href":"https:\/\/krankenhauspfarramt.de\/index.php\/wp-json\/wp\/v2\/categories?post=6801"},{"taxonomy":"post_tag","embeddable":true,"href":"https:\/\/krankenhauspfarramt.de\/index.php\/wp-json\/wp\/v2\/tags?post=6801"}],"curies":[{"name":"wp","href":"https:\/\/api.w.org\/{rel}","templated":true}]}}