{"id":6809,"date":"2024-04-29T09:16:46","date_gmt":"2024-04-29T09:16:46","guid":{"rendered":"https:\/\/krankenhauspfarramt.de\/index.php\/2024\/04\/29\/interreligioese-feier-fuer-den-frieden-im-house-of-one-ekd\/"},"modified":"2024-04-29T09:16:50","modified_gmt":"2024-04-29T09:16:50","slug":"interreligioese-feier-fuer-den-frieden-im-house-of-one-ekd","status":"publish","type":"post","link":"https:\/\/krankenhauspfarramt.de\/index.php\/2024\/04\/29\/interreligioese-feier-fuer-den-frieden-im-house-of-one-ekd\/","title":{"rendered":"Interreligi\u00f6se Feier f\u00fcr den Frieden im \u201eHouse of One\u201c \u2013 EKD"},"content":{"rendered":"<p> <br \/>\n<\/p>\n<div>\n<p>Im Mittelpunkt der Feier stand das \u201eHohelied der Liebe\u201c. Das Lied sei urspr\u00fcnglich kein religi\u00f6ser Text gewesen, habe aber dennoch Eingang in die j\u00fcdische Thora und die christliche Bibel gefunden, betonte das House of One. Es sei Ausdruck des Glaubens, \u201edass Liebe in die Seele jedes Menschen gelegt ist\u201c. Diese Botschaft verbinde die Religionen. Gerade in Zeiten des Krieges, wie aktuell in Gaza oder der Ukraine, sei diese Botschaft des Miteinanders auch Ausdruck eines m\u00f6glichen Friedens.<\/p>\n<p>Anlass f\u00fcr die Feier war am Sonntag der sechste Tag des j\u00fcdischen Pessach-Festes. An diesem Tag werde in den Synagogen das Hohelied Salomons, auch bekannt als \u201eHohelied der Liebe\u201c, gelesen, hie\u00df es. In der christlichen Tradition ist es der \u201eSonntag Kantate\u201c, das bedeutet: \u201eSinget\u201c. Nach islamischer Tradition ist es die Zeit nach dem Fastenmonat Ramadan.<\/p>\n<p>Neben Nachama und Hohberg beteiligten sich an der Feier Imam Kadir Sanci und Kantorin Esther Hirsch. Das \u201eHouse of One\u201c soll das erste Sakralgeb\u00e4ude in Deutschland werden, unter dessen Dach sich eine Synagoge, eine Kirche und eine Moschee befinden, gruppiert um einen Raum der Begegnung. Der Bau entsteht derzeit auf dem Petriplatz auf der Museumsinsel mitten in Berlin.<\/p>\n<\/p><\/div>\n","protected":false},"excerpt":{"rendered":"<p>Im Mittelpunkt der Feier stand das \u201eHohelied der Liebe\u201c. Das Lied sei urspr\u00fcnglich kein religi\u00f6ser Text gewesen, habe aber dennoch<\/p>\n","protected":false},"author":2,"featured_media":6810,"comment_status":"closed","ping_status":"closed","sticky":false,"template":"","format":"standard","meta":{"footnotes":""},"categories":[20],"tags":[],"_links":{"self":[{"href":"https:\/\/krankenhauspfarramt.de\/index.php\/wp-json\/wp\/v2\/posts\/6809"}],"collection":[{"href":"https:\/\/krankenhauspfarramt.de\/index.php\/wp-json\/wp\/v2\/posts"}],"about":[{"href":"https:\/\/krankenhauspfarramt.de\/index.php\/wp-json\/wp\/v2\/types\/post"}],"author":[{"embeddable":true,"href":"https:\/\/krankenhauspfarramt.de\/index.php\/wp-json\/wp\/v2\/users\/2"}],"replies":[{"embeddable":true,"href":"https:\/\/krankenhauspfarramt.de\/index.php\/wp-json\/wp\/v2\/comments?post=6809"}],"version-history":[{"count":1,"href":"https:\/\/krankenhauspfarramt.de\/index.php\/wp-json\/wp\/v2\/posts\/6809\/revisions"}],"predecessor-version":[{"id":6811,"href":"https:\/\/krankenhauspfarramt.de\/index.php\/wp-json\/wp\/v2\/posts\/6809\/revisions\/6811"}],"wp:featuredmedia":[{"embeddable":true,"href":"https:\/\/krankenhauspfarramt.de\/index.php\/wp-json\/wp\/v2\/media\/6810"}],"wp:attachment":[{"href":"https:\/\/krankenhauspfarramt.de\/index.php\/wp-json\/wp\/v2\/media?parent=6809"}],"wp:term":[{"taxonomy":"category","embeddable":true,"href":"https:\/\/krankenhauspfarramt.de\/index.php\/wp-json\/wp\/v2\/categories?post=6809"},{"taxonomy":"post_tag","embeddable":true,"href":"https:\/\/krankenhauspfarramt.de\/index.php\/wp-json\/wp\/v2\/tags?post=6809"}],"curies":[{"name":"wp","href":"https:\/\/api.w.org\/{rel}","templated":true}]}}