{"id":6812,"date":"2024-04-29T13:17:59","date_gmt":"2024-04-29T13:17:59","guid":{"rendered":"https:\/\/krankenhauspfarramt.de\/index.php\/2024\/04\/29\/stellungnahme-zur-staerkung-der-strukturen-gegen-sexualisierte-gewalt-ekd\/"},"modified":"2024-04-29T13:18:02","modified_gmt":"2024-04-29T13:18:02","slug":"stellungnahme-zur-staerkung-der-strukturen-gegen-sexualisierte-gewalt-ekd","status":"publish","type":"post","link":"https:\/\/krankenhauspfarramt.de\/index.php\/2024\/04\/29\/stellungnahme-zur-staerkung-der-strukturen-gegen-sexualisierte-gewalt-ekd\/","title":{"rendered":"Stellungnahme zur St\u00e4rkung der Strukturen gegen sexualisierte Gewalt \u2013 EKD"},"content":{"rendered":"<p> <br \/>\n<\/p>\n<div id=\"\">\n<p><strong>Stellungnahme der Bevollm\u00e4chtigten des Rates der Evangelischen Kirche in Deutschland bei der Bundesrepublik Deutschland und der Europ\u00e4ischen Union und der Diakonie Deutschland bez\u00fcglich des Entwurfs eines Gesetzes zur St\u00e4rkung der Strukturen gegen sexuelle Gewalt an Kindern und Jugendlichen<\/strong><\/p>\n<p>Die Evangelische Kirche in Deutschland und die Diakonie Deutschland begr\u00fc\u00dfen und unterst\u00fctzen mit Nachdruck, dass mit dem vorliegenden Gesetzesvorhaben die staatlichen Strukturen zum Schutz von Kindern und Jugendlichen vor sexualisierter Gewalt und zu deren Aufarbeitung deutlich gest\u00e4rkt werden. Sie tun dies in der Verantwortung daf\u00fcr, dass auch in der evangelischen Kirche und der Diakonie vielen Kindern, Jugendlichen und erwachsenen Personen sexualisierte Gewalt angetan wurde. Die Aufkl\u00e4rung, Aufarbeitung und Anerkennung dieser Gewalt wie auch die Unterst\u00fctzung und Beteiligung der betroffenen Personen sind bleibende Herausforderungen, denen sich die evangelische Kirche und Diakonie stellen.<\/p>\n<\/div>\n<div id=\"\">\n<div class=\"article--downloads download\">\n<p><strong>Der\u00a0kompletten Text der Stellungnahme als Download<\/strong><\/p>\n<\/p><\/div>\n<\/div>\n","protected":false},"excerpt":{"rendered":"<p>Stellungnahme der Bevollm\u00e4chtigten des Rates der Evangelischen Kirche in Deutschland bei der Bundesrepublik Deutschland und der Europ\u00e4ischen Union und der<\/p>\n","protected":false},"author":2,"featured_media":6813,"comment_status":"closed","ping_status":"closed","sticky":false,"template":"","format":"standard","meta":{"footnotes":""},"categories":[20],"tags":[],"_links":{"self":[{"href":"https:\/\/krankenhauspfarramt.de\/index.php\/wp-json\/wp\/v2\/posts\/6812"}],"collection":[{"href":"https:\/\/krankenhauspfarramt.de\/index.php\/wp-json\/wp\/v2\/posts"}],"about":[{"href":"https:\/\/krankenhauspfarramt.de\/index.php\/wp-json\/wp\/v2\/types\/post"}],"author":[{"embeddable":true,"href":"https:\/\/krankenhauspfarramt.de\/index.php\/wp-json\/wp\/v2\/users\/2"}],"replies":[{"embeddable":true,"href":"https:\/\/krankenhauspfarramt.de\/index.php\/wp-json\/wp\/v2\/comments?post=6812"}],"version-history":[{"count":1,"href":"https:\/\/krankenhauspfarramt.de\/index.php\/wp-json\/wp\/v2\/posts\/6812\/revisions"}],"predecessor-version":[{"id":6814,"href":"https:\/\/krankenhauspfarramt.de\/index.php\/wp-json\/wp\/v2\/posts\/6812\/revisions\/6814"}],"wp:featuredmedia":[{"embeddable":true,"href":"https:\/\/krankenhauspfarramt.de\/index.php\/wp-json\/wp\/v2\/media\/6813"}],"wp:attachment":[{"href":"https:\/\/krankenhauspfarramt.de\/index.php\/wp-json\/wp\/v2\/media?parent=6812"}],"wp:term":[{"taxonomy":"category","embeddable":true,"href":"https:\/\/krankenhauspfarramt.de\/index.php\/wp-json\/wp\/v2\/categories?post=6812"},{"taxonomy":"post_tag","embeddable":true,"href":"https:\/\/krankenhauspfarramt.de\/index.php\/wp-json\/wp\/v2\/tags?post=6812"}],"curies":[{"name":"wp","href":"https:\/\/api.w.org\/{rel}","templated":true}]}}