{"id":6815,"date":"2024-04-29T13:50:18","date_gmt":"2024-04-29T13:50:18","guid":{"rendered":"https:\/\/krankenhauspfarramt.de\/index.php\/2024\/04\/29\/stellungnahme-zum-referentenentwurf-eines-gesetzes-zur-staerkung-der-strukturen-gegen-sexuelle-gewalt-ekd\/"},"modified":"2024-04-29T13:50:20","modified_gmt":"2024-04-29T13:50:20","slug":"stellungnahme-zum-referentenentwurf-eines-gesetzes-zur-staerkung-der-strukturen-gegen-sexuelle-gewalt-ekd","status":"publish","type":"post","link":"https:\/\/krankenhauspfarramt.de\/index.php\/2024\/04\/29\/stellungnahme-zum-referentenentwurf-eines-gesetzes-zur-staerkung-der-strukturen-gegen-sexuelle-gewalt-ekd\/","title":{"rendered":"Stellungnahme zum Referentenentwurf eines Gesetzes zur St\u00e4rkung der Strukturen gegen sexuelle Gewalt \u2013 EKD"},"content":{"rendered":"<p> <br \/>\n<\/p>\n<div id=\"\">\n<div class=\"article--meta article--meta__border clearfix\">\n<p>                                    <time datetime=\"29.04.2024 11:00\" class=\"article--time\">29.04.2024<\/time><\/p>\n<p>                                     <strong class=\"article--type primus--overline\">Pressemitteilung<\/strong><\/p>\n<picture class=\"article--source-image image\"><source srcset=\"https:\/\/www.ekd.de\/ekd_de\/ds_img\/assets\/20170622_ekd-Quellenlogo_141_rdax_423x118.png\"><!--<source srcset=\"\/ekd_de\/ds_img\/assets\/20170622_ekd-Quellenlogo_141_rdax_141x39.png 1x, \/ekd_de\/ds_img\/assets\/20170622_ekd-Quellenlogo_141_rdax_282x78.png 2x, https:\/\/www.ekd.de\/ekd_de\/ds_img\/assets\/20170622_ekd-Quellenlogo_141_rdax_423x118.png 3x\">--><\/p>\n<p>    <\/source><\/picture>\n<\/p><\/div>\n<h2 class=\"article--sub-headline primus--sub-headline\">EKD und Diakonie begr\u00fc\u00dfen Gesetzesvorhaben zu Schutz und Aufarbeitung sexualisierter Gewalt. Kritik an L\u00fccken bei staatlicher Standardsetzung.<\/h2>\n<\/p><\/div>\n<div id=\"\">\n<p>Die Evangelische Kirche in Deutschland (EKD) und die Diakonie Deutschland bef\u00fcrworten den Entwurf eines Gesetzes zur St\u00e4rkung der Strukturen gegen sexuelle Gewalt an Kindern und Jugendlichen. \u201eDie EKD und die Diakonie Deutschland begr\u00fc\u00dfen und unterst\u00fctzen mit Nachdruck, dass mit dem vorliegenden Gesetzesvorhaben die staatlichen Strukturen zum Schutz von Kindern und Jugendlichen vor sexualisierter Gewalt und zu deren Aufarbeitung deutlich gest\u00e4rkt werden\u201c, erkl\u00e4ren die Bevollm\u00e4chtigte des Rates der EKD bei der Bundesrepublik Deutschland und der Europ\u00e4ischen Union, Pr\u00e4latin Anne Gidion, und Diakonie-Pr\u00e4sident R\u00fcdiger Schuch. Sie verweisen dabei ausdr\u00fccklich auf die eigene Verantwortung von Diakonie und Kirche f\u00fcr sexualisierte Gewalt innerhalb der evangelischen Kirche und der Diakonie: \u201eDie Aufkl\u00e4rung, Aufarbeitung und Anerkennung dieser Gewalt wie auch die Unterst\u00fctzung und Beteiligung der betroffenen Personen sind bleibende Herausforderungen, denen sich die evangelische Kirche und Diakonie stellen\u201c, unterstreichen Schuch und Gidion.<\/p>\n<p>Zugleich sehen sie aber auch Defizite bei der staatlichen Standardsetzung: \u201eSo sehr die EKD und die Diakonie Deutschland das Ziel des Entwurfs und die darin enthaltenen Ma\u00dfnahmen begr\u00fc\u00dfen, weisen sie zugleich auf L\u00fccken hin, die der Entwurf enth\u00e4lt. Dies gilt insbesondere f\u00fcr die sehr wichtigen staatlichen Standardsetzungen zum Umgang mit sexualisierter Gewalt.\u201c Letztlich k\u00f6nne nur der Staat gesamtgesellschaftlich verbindliche Standards setzen und so eine einheitliche und umfassende Aufarbeitung und Pr\u00e4vention sexualisierter Gewalt in der Gesellschaft vorantreiben und die Anerkennung erlittenen Unrechts regeln. \u201eHier bleibt der Entwurf leider hinter dem zur\u00fcck, was die \u00f6ffentliche Diskussion im Vorfeld, der Koalitionsvertrag und die Gemeinsame Erkl\u00e4rung der Unabh\u00e4ngigen Beauftragten f\u00fcr Fragen des sexuellen Kindesmissbrauchs, der EKD und der Diakonie Deutschland erwarten lie\u00dfen\u201c, so Gidion und Schuch.<\/p>\n<p>Die Stellungnahme wirbt insbesondere f\u00fcr die Aufnahme von Regelungen zu finanziellen Anerkennungsleistungen f\u00fcr betroffene Personen in den Gesetzesentwurf: \u201eDie aktuellen Fragen zur Neuregelung von Anerkennungsleistungen f\u00fcr Betroffene in evangelischer Kirche und Diakonie k\u00f6nnten durch gesetzliche Standards, die gesamtgesellschaftlich gelten, eine wichtige Fundierung erhalten\u201c, hei\u00dft es in der Stellungnahme.\u00a0<\/p>\n<p>Derzeit arbeiten EKD und Betroffenenvertreter*innen im Beteiligungsforum Sexualisierte Gewalt an einer Neuregelung der Anerkennungsleistungen, die zu einer Vereinheitlichung innerhalb der Landeskirchen der EKD sowie der Diakonie f\u00fchren soll.\u00a0<\/p>\n<p>F\u00fcr ihre heutige Stellungnahme haben sich EKD und Diakonie im Vorwege eng mit dem Deutschen Caritasverband und der Deutschen Bischofskonferenz abgestimmt, die eine in den Grundz\u00fcgen \u00fcbereinstimmende Stellungnahme abgibt. Auch das Beteiligungsforum Sexualisierte Gewalt der EKD war in die Vorbereitung der Stellungnahme der Bevollm\u00e4chtigten und der Diakonie Deutschland eingebunden und hat in seiner j\u00fcngsten Sitzung diese zustimmend beraten.\u00a0<\/p>\n<p>Die vollst\u00e4ndige Stellungnahme von EKD und Diakonie im Wortlaut ist abrufbar unter www.ekd-berlin.de.<\/p>\n<p>Hannover, 29. April 2024<\/p>\n<p>Pressestelle der EKD<br \/>Carsten Splitt<\/p>\n<p>Pressestelle der Diakonie Deutschland<br \/>Verena G\u00f6tze<br \/>\u00a0<\/p>\n<\/div>\n","protected":false},"excerpt":{"rendered":"<p>29.04.2024 Pressemitteilung EKD und Diakonie begr\u00fc\u00dfen Gesetzesvorhaben zu Schutz und Aufarbeitung sexualisierter Gewalt. Kritik an L\u00fccken bei staatlicher Standardsetzung. Die<\/p>\n","protected":false},"author":2,"featured_media":569,"comment_status":"closed","ping_status":"closed","sticky":false,"template":"","format":"standard","meta":{"footnotes":""},"categories":[20],"tags":[],"_links":{"self":[{"href":"https:\/\/krankenhauspfarramt.de\/index.php\/wp-json\/wp\/v2\/posts\/6815"}],"collection":[{"href":"https:\/\/krankenhauspfarramt.de\/index.php\/wp-json\/wp\/v2\/posts"}],"about":[{"href":"https:\/\/krankenhauspfarramt.de\/index.php\/wp-json\/wp\/v2\/types\/post"}],"author":[{"embeddable":true,"href":"https:\/\/krankenhauspfarramt.de\/index.php\/wp-json\/wp\/v2\/users\/2"}],"replies":[{"embeddable":true,"href":"https:\/\/krankenhauspfarramt.de\/index.php\/wp-json\/wp\/v2\/comments?post=6815"}],"version-history":[{"count":1,"href":"https:\/\/krankenhauspfarramt.de\/index.php\/wp-json\/wp\/v2\/posts\/6815\/revisions"}],"predecessor-version":[{"id":6816,"href":"https:\/\/krankenhauspfarramt.de\/index.php\/wp-json\/wp\/v2\/posts\/6815\/revisions\/6816"}],"wp:featuredmedia":[{"embeddable":true,"href":"https:\/\/krankenhauspfarramt.de\/index.php\/wp-json\/wp\/v2\/media\/569"}],"wp:attachment":[{"href":"https:\/\/krankenhauspfarramt.de\/index.php\/wp-json\/wp\/v2\/media?parent=6815"}],"wp:term":[{"taxonomy":"category","embeddable":true,"href":"https:\/\/krankenhauspfarramt.de\/index.php\/wp-json\/wp\/v2\/categories?post=6815"},{"taxonomy":"post_tag","embeddable":true,"href":"https:\/\/krankenhauspfarramt.de\/index.php\/wp-json\/wp\/v2\/tags?post=6815"}],"curies":[{"name":"wp","href":"https:\/\/api.w.org\/{rel}","templated":true}]}}