{"id":6820,"date":"2024-04-29T21:23:23","date_gmt":"2024-04-29T21:23:23","guid":{"rendered":"https:\/\/krankenhauspfarramt.de\/index.php\/2024\/04\/29\/saechsische-synode-verabschiedet-appell-zum-wahljahr-ekd\/"},"modified":"2024-04-29T21:23:26","modified_gmt":"2024-04-29T21:23:26","slug":"saechsische-synode-verabschiedet-appell-zum-wahljahr-ekd","status":"publish","type":"post","link":"https:\/\/krankenhauspfarramt.de\/index.php\/2024\/04\/29\/saechsische-synode-verabschiedet-appell-zum-wahljahr-ekd\/","title":{"rendered":"S\u00e4chsische Synode verabschiedet Appell zum Wahljahr \u2013 EKD"},"content":{"rendered":"<p> <br \/>\n<\/p>\n<div>\n<p>In Sachsen wird am 1. September ein neuer Landtag gew\u00e4hlt. Bereits am 9. Juni finden Kommunal- und Europawahlen statt.<\/p>\n<p>Die Mitglieder der Evangelisch-Lutherischen Landeskirche Sachsens seien aufgefordert, sich mit den Zielen der Parteien und den \u00c4u\u00dferungen der Kandidaten auseinanderzusetzen und eine gewissenhafte Wahlentscheidung zu treffen. \u201eAls Evangelisch-Lutherische Landessynode Sachsens bekennen wir uns zu Menschenw\u00fcrde, N\u00e4chstenliebe und Zusammenhalt. Wir werben um Gottvertrauen und treten ein f\u00fcr ein Miteinander in Respekt und gegenseitiger Wertsch\u00e4tzung.\u201c<\/p>\n<p>Die Synode tagt noch bis zum Montag in Dresden. Sie ist das gesetzgebende Organ der Evangelisch-Lutherischen Landeskirche Sachsens, zu der aktuell rund 610.000 Mitglieder geh\u00f6ren.<\/p>\n<\/p><\/div>\n","protected":false},"excerpt":{"rendered":"<p>In Sachsen wird am 1. September ein neuer Landtag gew\u00e4hlt. Bereits am 9. Juni finden Kommunal- und Europawahlen statt. Die<\/p>\n","protected":false},"author":2,"featured_media":6821,"comment_status":"closed","ping_status":"closed","sticky":false,"template":"","format":"standard","meta":{"footnotes":""},"categories":[20],"tags":[],"_links":{"self":[{"href":"https:\/\/krankenhauspfarramt.de\/index.php\/wp-json\/wp\/v2\/posts\/6820"}],"collection":[{"href":"https:\/\/krankenhauspfarramt.de\/index.php\/wp-json\/wp\/v2\/posts"}],"about":[{"href":"https:\/\/krankenhauspfarramt.de\/index.php\/wp-json\/wp\/v2\/types\/post"}],"author":[{"embeddable":true,"href":"https:\/\/krankenhauspfarramt.de\/index.php\/wp-json\/wp\/v2\/users\/2"}],"replies":[{"embeddable":true,"href":"https:\/\/krankenhauspfarramt.de\/index.php\/wp-json\/wp\/v2\/comments?post=6820"}],"version-history":[{"count":1,"href":"https:\/\/krankenhauspfarramt.de\/index.php\/wp-json\/wp\/v2\/posts\/6820\/revisions"}],"predecessor-version":[{"id":6822,"href":"https:\/\/krankenhauspfarramt.de\/index.php\/wp-json\/wp\/v2\/posts\/6820\/revisions\/6822"}],"wp:featuredmedia":[{"embeddable":true,"href":"https:\/\/krankenhauspfarramt.de\/index.php\/wp-json\/wp\/v2\/media\/6821"}],"wp:attachment":[{"href":"https:\/\/krankenhauspfarramt.de\/index.php\/wp-json\/wp\/v2\/media?parent=6820"}],"wp:term":[{"taxonomy":"category","embeddable":true,"href":"https:\/\/krankenhauspfarramt.de\/index.php\/wp-json\/wp\/v2\/categories?post=6820"},{"taxonomy":"post_tag","embeddable":true,"href":"https:\/\/krankenhauspfarramt.de\/index.php\/wp-json\/wp\/v2\/tags?post=6820"}],"curies":[{"name":"wp","href":"https:\/\/api.w.org\/{rel}","templated":true}]}}