{"id":6823,"date":"2024-04-30T14:04:59","date_gmt":"2024-04-30T14:04:59","guid":{"rendered":"https:\/\/krankenhauspfarramt.de\/index.php\/2024\/04\/30\/praesenz-der-kirche-an-hochschulen-und-das-gespraech-mit-der-wissenschaft-foerdern-ekd\/"},"modified":"2024-04-30T14:05:02","modified_gmt":"2024-04-30T14:05:02","slug":"praesenz-der-kirche-an-hochschulen-und-das-gespraech-mit-der-wissenschaft-foerdern-ekd","status":"publish","type":"post","link":"https:\/\/krankenhauspfarramt.de\/index.php\/2024\/04\/30\/praesenz-der-kirche-an-hochschulen-und-das-gespraech-mit-der-wissenschaft-foerdern-ekd\/","title":{"rendered":"Pr\u00e4senz der Kirche an Hochschulen und das Gespr\u00e4ch mit der Wissenschaft f\u00f6rdern \u2013 EKD"},"content":{"rendered":"<p> <br \/>\n<\/p>\n<div id=\"\">\n<div class=\"article--meta article--meta__border clearfix\">\n<p>                                    <time datetime=\"30.04.2024 13:00\" class=\"article--time\">30.04.2024<\/time><\/p>\n<p>                                     <strong class=\"article--type primus--overline\">Pressemitteilung<\/strong><\/p>\n<picture class=\"article--source-image image\"><source srcset=\"https:\/\/www.ekd.de\/ekd_de\/ds_img\/assets\/20170622_ekd-Quellenlogo_141_rdax_423x118.png\"><!--<source srcset=\"\/ekd_de\/ds_img\/assets\/20170622_ekd-Quellenlogo_141_rdax_141x39.png 1x, \/ekd_de\/ds_img\/assets\/20170622_ekd-Quellenlogo_141_rdax_282x78.png 2x, https:\/\/www.ekd.de\/ekd_de\/ds_img\/assets\/20170622_ekd-Quellenlogo_141_rdax_423x118.png 3x\">--><\/p>\n<p>    <\/source><\/picture>\n<\/p><\/div>\n<h2 class=\"article--sub-headline primus--sub-headline\">EKD veranstaltet 1. Deutschen Evangelischen Hochschultag an der Universit\u00e4t Heidelberg<\/h2>\n<\/p><\/div>\n<div id=\"\">\n<p class=\"EKDFlietext\">Unter dem Titel \u201eWissenschaftsfreiheit \u2013 Glaubensfreiheit: Ein Widerspruch?\u201c findet heute und morgen (30. April und 1. Mai) der erste Deutsche Evangelische Hochschultag an der Universit\u00e4t Heidelberg statt. Veranstaltet wird dieser Tag von der Evangelischen Kirche in Deutschland (EKD) in Kooperation mit der Universit\u00e4t Heidelberg und der Evangelischen Landeskirche in Baden.<\/p>\n<p class=\"EKDFlietext\">\u201eF\u00fcr den Rat der EKD ist der Kontakt der EKD mit der Wissenschaft von gro\u00dfer Bedeutung. Uns ist es wichtig, im Gespr\u00e4ch mit der Wissenschaft zu sein und zu lernen. Wissenschaftliche Forschung ist f\u00fcr uns eine wichtige Grundlage, um in christlich-ethischer Sicht den gro\u00dfen Herausforderungen unserer Zeit zu begegnen und nach L\u00f6sungen zu suchen. Zugleich sind zahlreiche Verantwortliche in Hochschule und Wissenschaft selber in der evangelischen Kirche engagiert und pflegen in ihrer Arbeit auch den Kontakt mit ihrer Kirche\u201c, so Ratsmitglied Volker Jung, Kirchenpr\u00e4sident der Evangelischen Kirche in Hessen und Nassau. Er f\u00e4hrt fort: \u201eMit dem 1. Deutschen Evangelischen Hochschultag will der Rat der EKD die Pr\u00e4senz der Kirche an den Hochschulen und das Gespr\u00e4ch mit der Wissenschaft f\u00f6rdern. Inhaltlich stehen bei diesem Hochschultag die im globalen Kontext immer weniger selbstverst\u00e4ndlichen Freiheitsrechte im Mittelpunkt. Mit dem Schwerpunkt der Wissenschaft- und der Glaubensfreiheit \u00f6ffnet er Raum f\u00fcr interdisziplin\u00e4re Debatten und inspirierende Begegnungen.\u201c<\/p>\n<p class=\"EKDFlietext\">Die badische Landesbisch\u00f6fin Heike Springhart betont: \u201eDer erste Hochschultag der EKD will vor allem die Kontaktfl\u00e4chen zwischen Universit\u00e4t und Kirchen nutzen und st\u00e4rken. Es geht um gegenseitige Horizonterweiterung im besten Sinne des Wortes. Und es geht um die Wissenschaftsfreiheit als hohes Gut, die sich Denken, Forschen, Urteilen und letztlich kritische Gesellschaftssichtung nicht verbieten l\u00e4sst.\u201c<\/p>\n<p class=\"EKDFlietext\">Auf dem Programm steht u.a. ein Vortrag zum Thema \u201eWissenschaftsfreiheit \u2013 Anmerkungen aus der Sicht eines evangelischen Theologen und Historikers\u201d von Prof. Christoph Markschies (HU Berlin, Pr\u00e4sident der Union der deutschen Akademien der Wissenschaften). Auf dem Podium mit dem Titel \u201eHier stehe ich!\u201c Freiheit und Wahrheit in schwierigen Zeiten\u201c diskutieren Prof. Walter Rosenthal (Pr\u00e4sident der Hochschulrektorenkonferenz), Prof. Renate Kirchhoff (Hochschulrektorin Evangelische Hochschule Freiburg), Prof. Bernhard Eitel (Rektor em. der Universit\u00e4t Heidelberg), Henriette Greulich (Studentin und EKD-Synodale), Landesbisch\u00f6fin Prof. Heike Springhart (Evangelische Landeskirche in Baden), und Saher Vahdati (Technische Universit\u00e4t Dresden).<\/p>\n<p class=\"EKDFlietext\">Hier finden Sie weitere Informationen: https:\/\/ekd-veranstaltungen.de\/deutscher-evangelischer-hochschultag-2024\/<\/p>\n<p class=\"EKDFlietext\">Bildmaterial stellt Ihnen die EKD-Pressestelle im Nachgang der Veranstaltung gerne zur Verf\u00fcgung. Bitte wenden Sie sich daf\u00fcr an presse@ekd.de.<\/p>\n<p class=\"EKDFlietext\">Hannover, 30. April 2024<\/p>\n<p class=\"EKDFlietext\">Pressestelle der EKD<br \/>Annika Lukas<\/p>\n<\/div>\n","protected":false},"excerpt":{"rendered":"<p>30.04.2024 Pressemitteilung EKD veranstaltet 1. Deutschen Evangelischen Hochschultag an der Universit\u00e4t Heidelberg Unter dem Titel \u201eWissenschaftsfreiheit \u2013 Glaubensfreiheit: Ein Widerspruch?\u201c<\/p>\n","protected":false},"author":2,"featured_media":569,"comment_status":"closed","ping_status":"closed","sticky":false,"template":"","format":"standard","meta":{"footnotes":""},"categories":[20],"tags":[],"_links":{"self":[{"href":"https:\/\/krankenhauspfarramt.de\/index.php\/wp-json\/wp\/v2\/posts\/6823"}],"collection":[{"href":"https:\/\/krankenhauspfarramt.de\/index.php\/wp-json\/wp\/v2\/posts"}],"about":[{"href":"https:\/\/krankenhauspfarramt.de\/index.php\/wp-json\/wp\/v2\/types\/post"}],"author":[{"embeddable":true,"href":"https:\/\/krankenhauspfarramt.de\/index.php\/wp-json\/wp\/v2\/users\/2"}],"replies":[{"embeddable":true,"href":"https:\/\/krankenhauspfarramt.de\/index.php\/wp-json\/wp\/v2\/comments?post=6823"}],"version-history":[{"count":1,"href":"https:\/\/krankenhauspfarramt.de\/index.php\/wp-json\/wp\/v2\/posts\/6823\/revisions"}],"predecessor-version":[{"id":6824,"href":"https:\/\/krankenhauspfarramt.de\/index.php\/wp-json\/wp\/v2\/posts\/6823\/revisions\/6824"}],"wp:featuredmedia":[{"embeddable":true,"href":"https:\/\/krankenhauspfarramt.de\/index.php\/wp-json\/wp\/v2\/media\/569"}],"wp:attachment":[{"href":"https:\/\/krankenhauspfarramt.de\/index.php\/wp-json\/wp\/v2\/media?parent=6823"}],"wp:term":[{"taxonomy":"category","embeddable":true,"href":"https:\/\/krankenhauspfarramt.de\/index.php\/wp-json\/wp\/v2\/categories?post=6823"},{"taxonomy":"post_tag","embeddable":true,"href":"https:\/\/krankenhauspfarramt.de\/index.php\/wp-json\/wp\/v2\/tags?post=6823"}],"curies":[{"name":"wp","href":"https:\/\/api.w.org\/{rel}","templated":true}]}}