{"id":6825,"date":"2024-05-01T18:54:03","date_gmt":"2024-05-01T18:54:03","guid":{"rendered":"https:\/\/krankenhauspfarramt.de\/index.php\/2024\/05\/01\/landesbischof-gohl-predigt-zur-bedeutung-des-gesangbuchs-als-lebensbegleiter\/"},"modified":"2024-05-01T18:54:03","modified_gmt":"2024-05-01T18:54:03","slug":"landesbischof-gohl-predigt-zur-bedeutung-des-gesangbuchs-als-lebensbegleiter","status":"publish","type":"post","link":"https:\/\/krankenhauspfarramt.de\/index.php\/2024\/05\/01\/landesbischof-gohl-predigt-zur-bedeutung-des-gesangbuchs-als-lebensbegleiter\/","title":{"rendered":"Landesbischof Gohl predigt zur Bedeutung des Gesangbuchs als Lebensbegleiter"},"content":{"rendered":"<p><img decoding=\"async\" src=\"https:\/\/www.elk-wue.de\/\" \/><\/p>\n<div id=\"c48982\">\n<header>\n<h2>500 Jahre evangelisches Gesangbuch: Landesbischof Gohl predigt zur Bedeutung des Gesangbuchs als Lebensbegleiter<\/h2>\n<\/header>\n<p>Stuttgart. \u201eSingen ist Lebenshilfe. Singen gegen die Anfechtung und gegen das Tun des Falschen. Das Gesangbuch ist mehr als eine Sammlung von Liedern f\u00fcr wechselnde Jahreszeiten und sonstige Anl\u00e4sse. Das Gesangbuch ist ein Lebensbuch.\u201c Das sagt Landesbischof Ernst-Wilhelm Gohl in seiner Predigt in der Stuttgarter Stiftskirche am Sonntag, 28. April, aus Anlass des 500-j\u00e4hrigen Jubil\u00e4ums des evangelischen Kirchengesangbuchs, das 2024 gefeiert wird.<\/p>\n<p>Gohl betont in seiner Predigt die seelsorgerliche Kraft, die im Singen und in den Texten des Gesangbuchs steckt: \u201eAuf dem Buchdeckel unseres Gesangbuches heute steht: F\u00fcr Gottesdienst, Gebet, Glaube, Leben. Daf\u00fcr ist das Gesangbuch da. Es erinnert uns daran: Es sind im Leben oft nicht die gro\u00dfen Bibeltexte, die einen Menschen in seinen Lebenskrisen begleiten, sondern Gesangbuchverse.\u201c<\/p>\n<p>Das Gesangbuch als Lebensbuch biete Trost und Orientierung. \u201eEs schenkt uns Worte, wenn uns das Leben stumm macht.\u201c Weiter sagt Gohl: \u201eDie Melodien des Gesangbuchs tragen uns durch manches dunkle Tal. Sie dulden unsere Traurigkeit und ihr Gotteslob \u00f6ffnet manche Schleusen zu unserem Herzen.\u201c Lieder verb\u00e4nden die Menschen auch untereinander \u2013 \u201e\u00fcber Zeiten und Kontinente, auch \u00fcber Konfessionen hinweg. Und auch das tr\u00f6stet und macht Mut.\u201c<\/p>\n<p>Mit Blick auf die Weiterentwicklung des evangelischen Gesangbuchs sagt Gohl: \u201e500 Jahre evangelisches Gesangbuch \u2013 das ist bis heute mit jeder neuen Gesangbuchausgabe das Versprechen, dass neue Lieder unser Herz als singende Gemeinde neu erreichen und zum Klingen bringen.\u201c<\/p>\n<p><strong>Das neue evangelische Gesangbuch <\/strong><\/p>\n<p>Aktuell arbeitet eine Kommission der Evangelischen Kirche in Deutschland (EKD) an einer vollst\u00e4ndig \u00fcberarbeiteten Neuausgabe des Gesangbuchs. Sie soll nicht nur viele neue Lieder und musikalische Impulse enthalten, sondern auch alle technischen M\u00f6glichkeiten nutzen, die bei der letzten Neuausgabe in den 90er Jahren noch nicht absehbar waren. Auch die w\u00fcrttembergische Landeskirche beteiligt sich intensiv an dieser Arbeit.<\/p>\n<p>Dan Peter<br \/>Sprecher der Landeskirche\u00a0<\/p>\n<\/div>\n","protected":false},"excerpt":{"rendered":"<p>500 Jahre evangelisches Gesangbuch: Landesbischof Gohl predigt zur Bedeutung des Gesangbuchs als Lebensbegleiter Stuttgart. \u201eSingen ist Lebenshilfe. Singen gegen die<\/p>\n","protected":false},"author":1,"featured_media":0,"comment_status":"closed","ping_status":"closed","sticky":false,"template":"","format":"standard","meta":{"footnotes":""},"categories":[21],"tags":[],"_links":{"self":[{"href":"https:\/\/krankenhauspfarramt.de\/index.php\/wp-json\/wp\/v2\/posts\/6825"}],"collection":[{"href":"https:\/\/krankenhauspfarramt.de\/index.php\/wp-json\/wp\/v2\/posts"}],"about":[{"href":"https:\/\/krankenhauspfarramt.de\/index.php\/wp-json\/wp\/v2\/types\/post"}],"author":[{"embeddable":true,"href":"https:\/\/krankenhauspfarramt.de\/index.php\/wp-json\/wp\/v2\/users\/1"}],"replies":[{"embeddable":true,"href":"https:\/\/krankenhauspfarramt.de\/index.php\/wp-json\/wp\/v2\/comments?post=6825"}],"version-history":[{"count":0,"href":"https:\/\/krankenhauspfarramt.de\/index.php\/wp-json\/wp\/v2\/posts\/6825\/revisions"}],"wp:attachment":[{"href":"https:\/\/krankenhauspfarramt.de\/index.php\/wp-json\/wp\/v2\/media?parent=6825"}],"wp:term":[{"taxonomy":"category","embeddable":true,"href":"https:\/\/krankenhauspfarramt.de\/index.php\/wp-json\/wp\/v2\/categories?post=6825"},{"taxonomy":"post_tag","embeddable":true,"href":"https:\/\/krankenhauspfarramt.de\/index.php\/wp-json\/wp\/v2\/tags?post=6825"}],"curies":[{"name":"wp","href":"https:\/\/api.w.org\/{rel}","templated":true}]}}