{"id":6826,"date":"2024-05-02T06:48:28","date_gmt":"2024-05-02T06:48:28","guid":{"rendered":"https:\/\/krankenhauspfarramt.de\/index.php\/2024\/05\/02\/velkd-kirchenleitung-besorgt-ueber-die-lage-in-georgien-ekd\/"},"modified":"2024-05-02T06:48:30","modified_gmt":"2024-05-02T06:48:30","slug":"velkd-kirchenleitung-besorgt-ueber-die-lage-in-georgien-ekd","status":"publish","type":"post","link":"https:\/\/krankenhauspfarramt.de\/index.php\/2024\/05\/02\/velkd-kirchenleitung-besorgt-ueber-die-lage-in-georgien-ekd\/","title":{"rendered":"VELKD-Kirchenleitung besorgt \u00fcber die Lage in Georgien \u2013 EKD"},"content":{"rendered":"<p> <br \/>\n<\/p>\n<div id=\"\">\n<div class=\"article--meta article--meta__border clearfix\">\n<p>                                    <time datetime=\"02.05.2024 08:00\" class=\"article--time\">02.05.2024<\/time><\/p>\n<p>                                     <strong class=\"article--type primus--overline\">Pressemitteilung<\/strong><\/p>\n<picture class=\"article--source-image image\"><source srcset=\"https:\/\/www.ekd.de\/ekd_de\/ds_img\/assets\/velkd.jpg\"><!--<source srcset=\"\/ekd_de\/ds_img\/assets\/velkd_rdax_141x141.jpg 1x, \/ekd_de\/ds_img\/assets\/velkd_rdax_282x282.jpg 2x, https:\/\/www.ekd.de\/ekd_de\/ds_img\/assets\/velkd.jpg 3x\">--><\/p>\n<p>    <\/source><\/picture>\n<\/p><\/div><\/div>\n<div id=\"\">\n<p>Im Rahmen ihres Besuchs in Georgien hat die Kirchenleitung der Vereinigten Evangelisch-Lutherischen Kirche Deutschlands (VELKD) ihre Sorge \u00fcber die zunehmende Spaltung des Landes ausgedr\u00fcckt. \u201eWir hoffen, dass dieser Konflikt um die k\u00fcnftige Ausrichtung Georgiens friedlich bleibt und mit demokratischen Mitteln ausgetragen wird\u201c, sagte der Vorsitzende der Kirchenleitung, Landesbischof Ralf Meister (Hannover). Am Abend ihrer Ankunft in Tiflis erlebten die zw\u00f6lf Reiseteilnehmer*innen eine gro\u00dfe Demonstration gegen das \u201eAgentengesetz\u201c genannte Vorhaben der Regierung, das die ausl\u00e4ndische Einflussnahme zun\u00e4chst transparent, dann aber auch \u2013 so die Bef\u00fcrchtung \u2013 die Arbeit vieler Nichtregierungsorganisationen schwerer machen soll. Am folgenden Tag demonstrierten die Bef\u00fcrworter*innen des Gesetzes, von denen einige offen bekannten, dass sie von ihrem Arbeitgeber oder von staatlichen Stellen nachdr\u00fccklich aufgefordert wurden, die Veranstaltung zu besuchen, wie die Mitglieder der Kirchenleitung aus gut unterrichteten Kreisen erfuhren.<\/p>\n<p>Die Kirchenleitung, die einer Einladung der Evangelisch-Lutherischen Kirche Georgiens und im S\u00fcdlichen Kaukasus (ELKG) folgte, sprach mit zahlreichen hochrangigen Vertretern anderer Religionen, auch mit dem Protopriester Giorgi Zviadadze, dem zweiten Mann in der Georgischen Orthodoxen Kirche, der 84 Prozent der Landesbev\u00f6lkerung angeh\u00f6ren. \u201eIn dem Gespr\u00e4ch stellte Bruder Giorgi die gro\u00dfe Toleranz heraus, die die Kirche auch anderen Religionsgemeinschaften entgegenbringe und die f\u00fcr Georgien typisch sei\u201c, sagte Meister. \u201eWir w\u00fcnschen uns, dass diese Toleranz auch in dem aktuellen Konflikt wieder unter Beweis gestellt wird und das Land, das sich auf die erste Apostelgeneration zur\u00fcckf\u00fchrt, seiner langen christlichen Tradition gerecht wird.\u201c<\/p>\n<p>Am Donnerstag wird Landesbischof Meister, zugleich Leitender Bischof der VELKD, in der Peace Cathedral Tiflis zum georgischen Gr\u00fcndonnerstag predigen.<\/p>\n<p><em>Hinweis: Ein Foto mit den Mitgliedern der Kirchenleitung um Landesbischof Ralf Meister (Bildmitte) mit G\u00e4sten und dem Gastgeber, ELKG-Bischof Rolf Bareis (2. v. r.), vor der lutherischen Kirche in Tiflis <\/em><em>steht <\/em><em>hier<\/em><em> zur Verf\u00fcgung<\/em><em>.<\/em><\/p>\n<p>Hannover, 30. April 2024<\/p>\n<p>Pressestelle der VELKD<br \/>Dr. Frank Hofmann<br \/>Pressesprecher<\/p>\n<\/div>\n","protected":false},"excerpt":{"rendered":"<p>02.05.2024 Pressemitteilung Im Rahmen ihres Besuchs in Georgien hat die Kirchenleitung der Vereinigten Evangelisch-Lutherischen Kirche Deutschlands (VELKD) ihre Sorge \u00fcber<\/p>\n","protected":false},"author":2,"featured_media":611,"comment_status":"closed","ping_status":"closed","sticky":false,"template":"","format":"standard","meta":{"footnotes":""},"categories":[20],"tags":[],"_links":{"self":[{"href":"https:\/\/krankenhauspfarramt.de\/index.php\/wp-json\/wp\/v2\/posts\/6826"}],"collection":[{"href":"https:\/\/krankenhauspfarramt.de\/index.php\/wp-json\/wp\/v2\/posts"}],"about":[{"href":"https:\/\/krankenhauspfarramt.de\/index.php\/wp-json\/wp\/v2\/types\/post"}],"author":[{"embeddable":true,"href":"https:\/\/krankenhauspfarramt.de\/index.php\/wp-json\/wp\/v2\/users\/2"}],"replies":[{"embeddable":true,"href":"https:\/\/krankenhauspfarramt.de\/index.php\/wp-json\/wp\/v2\/comments?post=6826"}],"version-history":[{"count":1,"href":"https:\/\/krankenhauspfarramt.de\/index.php\/wp-json\/wp\/v2\/posts\/6826\/revisions"}],"predecessor-version":[{"id":6827,"href":"https:\/\/krankenhauspfarramt.de\/index.php\/wp-json\/wp\/v2\/posts\/6826\/revisions\/6827"}],"wp:featuredmedia":[{"embeddable":true,"href":"https:\/\/krankenhauspfarramt.de\/index.php\/wp-json\/wp\/v2\/media\/611"}],"wp:attachment":[{"href":"https:\/\/krankenhauspfarramt.de\/index.php\/wp-json\/wp\/v2\/media?parent=6826"}],"wp:term":[{"taxonomy":"category","embeddable":true,"href":"https:\/\/krankenhauspfarramt.de\/index.php\/wp-json\/wp\/v2\/categories?post=6826"},{"taxonomy":"post_tag","embeddable":true,"href":"https:\/\/krankenhauspfarramt.de\/index.php\/wp-json\/wp\/v2\/tags?post=6826"}],"curies":[{"name":"wp","href":"https:\/\/api.w.org\/{rel}","templated":true}]}}