{"id":6831,"date":"2024-05-02T14:11:19","date_gmt":"2024-05-02T14:11:19","guid":{"rendered":"https:\/\/krankenhauspfarramt.de\/index.php\/2024\/05\/02\/wir-werden-eine-kleinere-und-aermere-kirche-ekd\/"},"modified":"2024-05-02T14:11:22","modified_gmt":"2024-05-02T14:11:22","slug":"wir-werden-eine-kleinere-und-aermere-kirche-ekd","status":"publish","type":"post","link":"https:\/\/krankenhauspfarramt.de\/index.php\/2024\/05\/02\/wir-werden-eine-kleinere-und-aermere-kirche-ekd\/","title":{"rendered":"\u201eWir werden eine kleinere und \u00e4rmere Kirche\u201c \u2013 EKD"},"content":{"rendered":"<p> <br \/>\n<\/p>\n<div>\n<p>Grund f\u00fcr den Mitgliederschwund sind Kirchenaustritte und Sterbef\u00e4lle. Im zweiten Jahr infolge lag die Zahl der Kirchenaustritte \u00fcber der der Sterbef\u00e4lle. Die Zahl von 380.000 Kirchenaustritten ver\u00e4nderte sich nicht im Vergleich zum Vorjahr, die Zahl der Sterbef\u00e4lle sank 2023 leicht um 25.000 auf 340.000 (2022: 365.000). Die Austrittsrate stieg erneut leicht auf 1,98 Prozent und erreicht dadurch ebenfalls einen Rekord.<\/p>\n<p>Die Zahl der Taufen und Wiedereintritte konnten den Trend nicht stoppen: 140.000 Menschen wurden 2023 getauft, 20.000 Menschen traten in die evangelische Kirche ein. Nicht erfasst sind Zu- und Abwanderungen, so dass sich Unterschiede zu der Gesamtzahl des Mitgliederr\u00fcckgangs ergeben.<\/p>\n<p>Zu den Gr\u00fcnden f\u00fcr den Einnahmen-R\u00fcckgang bei der Kirchensteuer z\u00e4hlt zum einen die steuerliche Entlastung in der Einkommensteuer durch das Inflationsausgleichsgesetz von 2022, zum anderen wirkte sich auch der Mitgliederverlust im vergangenen Jahr erstmals deutlich auf die Kirchensteuereinnahmen aus. Im Jahr 2020 waren die Einnahmen durch die Konjunkturschw\u00e4che wegen der Corona-Pandemie leicht gesunken, doch gab es in den vergangenen Jahren stets die Besonderheit, dass die Einnahmen trotz Mitgliederverlusten Rekordwerte erreichten.<\/p>\n<p>\u201eWir werden eine kleinere und \u00e4rmere Kirche, dieser Tatsache m\u00fcssen wir uns stellen\u201c, sagte die amtierende EKD-Ratsvorsitzende Kirsten Fehrs. Dennoch bleibe es auch mit weniger Mitgliedern die Aufgabe der Kirche, sich f\u00fcr N\u00e4chstenliebe, Menschlichkeit und die Weitergabe des christlichen Glaubens einzusetzen. Viele Menschen h\u00e4tten nach wie vor hohe Erwartungen an die Kirchen, sagte die Hamburger Bisch\u00f6fin.<\/p>\n<p>\u201eNoch sind die Auswirkungen der Mitgliederr\u00fcckg\u00e4nge auf die Finanzkraft der Kirchen nicht so stark\u201c, sagte der Religionssoziologe Detlef Pollack dem Evangelischen Pressedienst (epd). Aber man sehe sie bereits. Die Kirchen sorgten vor, indem sie Gemeinden zusammenlegten und Geb\u00e4ude abstie\u00dfen. Das Vertrauen in kirchliche und diakonische Einrichtungen wie Pflegeheime und Kinderg\u00e4rten sei aber relativ hoch, deutlich h\u00f6her als das Vertrauen in die Institution Kirche, sagte Pollack. Sinkende Kirchenmitgliederzahlen wirkten sich allerdings auf die Finanzierung von Einrichtungen in diesem Bereich aus.<\/p>\n<p>Aktuelle Mitgliederzahlen f\u00fcr die 27 katholischen Bist\u00fcmer liegen noch nicht vor. Die Deutsche Bischofskonferenz ver\u00f6ffentlicht ihre Statistik im Sommer. Nicht eingerechnet sind zudem die evangelischen Freikirchen.<\/p>\n<\/p><\/div>\n","protected":false},"excerpt":{"rendered":"<p>Grund f\u00fcr den Mitgliederschwund sind Kirchenaustritte und Sterbef\u00e4lle. Im zweiten Jahr infolge lag die Zahl der Kirchenaustritte \u00fcber der der<\/p>\n","protected":false},"author":2,"featured_media":6642,"comment_status":"closed","ping_status":"closed","sticky":false,"template":"","format":"standard","meta":{"footnotes":""},"categories":[20],"tags":[],"_links":{"self":[{"href":"https:\/\/krankenhauspfarramt.de\/index.php\/wp-json\/wp\/v2\/posts\/6831"}],"collection":[{"href":"https:\/\/krankenhauspfarramt.de\/index.php\/wp-json\/wp\/v2\/posts"}],"about":[{"href":"https:\/\/krankenhauspfarramt.de\/index.php\/wp-json\/wp\/v2\/types\/post"}],"author":[{"embeddable":true,"href":"https:\/\/krankenhauspfarramt.de\/index.php\/wp-json\/wp\/v2\/users\/2"}],"replies":[{"embeddable":true,"href":"https:\/\/krankenhauspfarramt.de\/index.php\/wp-json\/wp\/v2\/comments?post=6831"}],"version-history":[{"count":1,"href":"https:\/\/krankenhauspfarramt.de\/index.php\/wp-json\/wp\/v2\/posts\/6831\/revisions"}],"predecessor-version":[{"id":6832,"href":"https:\/\/krankenhauspfarramt.de\/index.php\/wp-json\/wp\/v2\/posts\/6831\/revisions\/6832"}],"wp:featuredmedia":[{"embeddable":true,"href":"https:\/\/krankenhauspfarramt.de\/index.php\/wp-json\/wp\/v2\/media\/6642"}],"wp:attachment":[{"href":"https:\/\/krankenhauspfarramt.de\/index.php\/wp-json\/wp\/v2\/media?parent=6831"}],"wp:term":[{"taxonomy":"category","embeddable":true,"href":"https:\/\/krankenhauspfarramt.de\/index.php\/wp-json\/wp\/v2\/categories?post=6831"},{"taxonomy":"post_tag","embeddable":true,"href":"https:\/\/krankenhauspfarramt.de\/index.php\/wp-json\/wp\/v2\/tags?post=6831"}],"curies":[{"name":"wp","href":"https:\/\/api.w.org\/{rel}","templated":true}]}}