{"id":6833,"date":"2024-05-03T10:18:08","date_gmt":"2024-05-03T10:18:08","guid":{"rendered":"https:\/\/krankenhauspfarramt.de\/index.php\/2024\/05\/03\/evangelischer-posaunentag-in-hamburg-ekd\/"},"modified":"2024-05-03T10:18:12","modified_gmt":"2024-05-03T10:18:12","slug":"evangelischer-posaunentag-in-hamburg-ekd","status":"publish","type":"post","link":"https:\/\/krankenhauspfarramt.de\/index.php\/2024\/05\/03\/evangelischer-posaunentag-in-hamburg-ekd\/","title":{"rendered":"Evangelischer Posaunentag in Hamburg \u2013 EKD"},"content":{"rendered":"<p> <br \/>\n<\/p>\n<div>\n<p>Der Posaunentag sollte am Freitagabend mit einem <strong>Freiluftgottesdienst auf der Moorweide<\/strong> in der Hamburger Innenstadt<strong> er\u00f6ffnet<\/strong> werden. Zudem sind zwei weitere Gro\u00dfveranstaltungen geplant: ein <strong>Serenaden-Konzert auf der Jan-Fedder-Promenade am Hafen am Samstag<\/strong> sowie ein <strong>Schlussgottesdienst im Stadtpark am Sonntagmittag<\/strong> mit der Hamburger Bisch\u00f6fin und amtierenden Ratsvorsitzenden der Evangelischen Kirche in Deutschland (EKD),<strong> Kirsten Fehrs<\/strong>.<\/p>\n<p>Der Posaunentag spreche Menschen aus allen Generationen an, die in ihren Kirchengemeinden einen wichtigen Dienst leisteten und Woche f\u00fcr Woche viele tausend Gottesdienste mit Bl\u00e4serkl\u00e4ngen mitgestalteten, sagte der Vorsitzende des Evangelischen Posaunendienstes in Deutschland und ehemalige Landesbischof der Nordkirche, Gerhard Ulrich.<\/p>\n<p>Seit 2008 treffen sich alle acht Jahre die Posaunench\u00f6re zum Deutschen Evangelischen Posaunentag, um gemeinsam zu spielen, Neues einzustudieren und junge Bl\u00e4ser f\u00fcr dieses besondere musikalische Genre zu begeistern. In Hamburg findet nach Leipzig und Dresden der dritte Posaunentag statt.<\/p>\n<\/p><\/div>\n","protected":false},"excerpt":{"rendered":"<p>Der Posaunentag sollte am Freitagabend mit einem Freiluftgottesdienst auf der Moorweide in der Hamburger Innenstadt er\u00f6ffnet werden. Zudem sind zwei<\/p>\n","protected":false},"author":2,"featured_media":6834,"comment_status":"closed","ping_status":"closed","sticky":false,"template":"","format":"standard","meta":{"footnotes":""},"categories":[20],"tags":[],"_links":{"self":[{"href":"https:\/\/krankenhauspfarramt.de\/index.php\/wp-json\/wp\/v2\/posts\/6833"}],"collection":[{"href":"https:\/\/krankenhauspfarramt.de\/index.php\/wp-json\/wp\/v2\/posts"}],"about":[{"href":"https:\/\/krankenhauspfarramt.de\/index.php\/wp-json\/wp\/v2\/types\/post"}],"author":[{"embeddable":true,"href":"https:\/\/krankenhauspfarramt.de\/index.php\/wp-json\/wp\/v2\/users\/2"}],"replies":[{"embeddable":true,"href":"https:\/\/krankenhauspfarramt.de\/index.php\/wp-json\/wp\/v2\/comments?post=6833"}],"version-history":[{"count":1,"href":"https:\/\/krankenhauspfarramt.de\/index.php\/wp-json\/wp\/v2\/posts\/6833\/revisions"}],"predecessor-version":[{"id":6835,"href":"https:\/\/krankenhauspfarramt.de\/index.php\/wp-json\/wp\/v2\/posts\/6833\/revisions\/6835"}],"wp:featuredmedia":[{"embeddable":true,"href":"https:\/\/krankenhauspfarramt.de\/index.php\/wp-json\/wp\/v2\/media\/6834"}],"wp:attachment":[{"href":"https:\/\/krankenhauspfarramt.de\/index.php\/wp-json\/wp\/v2\/media?parent=6833"}],"wp:term":[{"taxonomy":"category","embeddable":true,"href":"https:\/\/krankenhauspfarramt.de\/index.php\/wp-json\/wp\/v2\/categories?post=6833"},{"taxonomy":"post_tag","embeddable":true,"href":"https:\/\/krankenhauspfarramt.de\/index.php\/wp-json\/wp\/v2\/tags?post=6833"}],"curies":[{"name":"wp","href":"https:\/\/api.w.org\/{rel}","templated":true}]}}