{"id":6847,"date":"2024-05-06T19:03:14","date_gmt":"2024-05-06T19:03:14","guid":{"rendered":"https:\/\/krankenhauspfarramt.de\/index.php\/2024\/05\/06\/posaunentag-endet-mit-musikalischem-gottesdienst-ekd\/"},"modified":"2024-05-06T19:03:17","modified_gmt":"2024-05-06T19:03:17","slug":"posaunentag-endet-mit-musikalischem-gottesdienst-ekd","status":"publish","type":"post","link":"https:\/\/krankenhauspfarramt.de\/index.php\/2024\/05\/06\/posaunentag-endet-mit-musikalischem-gottesdienst-ekd\/","title":{"rendered":"Posaunentag endet mit musikalischem Gottesdienst \u2013 EKD"},"content":{"rendered":"<p> <br \/>\n<\/p>\n<div>\n<p>Fehrs dankte dem Organisatorenteam um Peter Schulze, Daniel Rau und Henrike Hartmann: \u201eUnsere Posaunenengel.\u201c Und Gott sei \u00fcberall \u201emittenmang\u201c gewesen, getreu dem Motto des DEPT 2024.<\/p>\n<p>Auch die Organisatoren zeigten sich zufrieden. \u201eHamburg kann Posaunentag\u201c, sagte Peter Schulze. Von der Er\u00f6ffnung auf der Moorweide in der Hamburger Innenstadt am Freitag (3. Mai) sowie \u00fcber rund 200 thematische Veranstaltungen, Konzerte und Aktionen, darunter die Serenade an den Landungsbr\u00fccken, \u201edas wird f\u00fcr Hamburg unvergesslich bleiben\u201c, sagte Schulze.<\/p>\n<p>Seit 2008 treffen sich alle acht Jahre die Posaunench\u00f6re zum Deutschen Evangelischen Posaunentag, um gemeinsam zu spielen, Neues einzustudieren und die jungen Bl\u00e4ser f\u00fcr dieses besondere musikalische Genre zu begeistern. In Hamburg hat nach Leipzig und Dresden der Posaunentag zum dritten Mal stattgefunden. Der Ort f\u00fcr den n\u00e4chsten Posaunentag in acht Jahren steht laut Schulze noch nicht fest.<\/p>\n<\/p><\/div>\n","protected":false},"excerpt":{"rendered":"<p>Fehrs dankte dem Organisatorenteam um Peter Schulze, Daniel Rau und Henrike Hartmann: \u201eUnsere Posaunenengel.\u201c Und Gott sei \u00fcberall \u201emittenmang\u201c gewesen,<\/p>\n","protected":false},"author":2,"featured_media":6848,"comment_status":"closed","ping_status":"closed","sticky":false,"template":"","format":"standard","meta":{"footnotes":""},"categories":[20],"tags":[],"_links":{"self":[{"href":"https:\/\/krankenhauspfarramt.de\/index.php\/wp-json\/wp\/v2\/posts\/6847"}],"collection":[{"href":"https:\/\/krankenhauspfarramt.de\/index.php\/wp-json\/wp\/v2\/posts"}],"about":[{"href":"https:\/\/krankenhauspfarramt.de\/index.php\/wp-json\/wp\/v2\/types\/post"}],"author":[{"embeddable":true,"href":"https:\/\/krankenhauspfarramt.de\/index.php\/wp-json\/wp\/v2\/users\/2"}],"replies":[{"embeddable":true,"href":"https:\/\/krankenhauspfarramt.de\/index.php\/wp-json\/wp\/v2\/comments?post=6847"}],"version-history":[{"count":1,"href":"https:\/\/krankenhauspfarramt.de\/index.php\/wp-json\/wp\/v2\/posts\/6847\/revisions"}],"predecessor-version":[{"id":6849,"href":"https:\/\/krankenhauspfarramt.de\/index.php\/wp-json\/wp\/v2\/posts\/6847\/revisions\/6849"}],"wp:featuredmedia":[{"embeddable":true,"href":"https:\/\/krankenhauspfarramt.de\/index.php\/wp-json\/wp\/v2\/media\/6848"}],"wp:attachment":[{"href":"https:\/\/krankenhauspfarramt.de\/index.php\/wp-json\/wp\/v2\/media?parent=6847"}],"wp:term":[{"taxonomy":"category","embeddable":true,"href":"https:\/\/krankenhauspfarramt.de\/index.php\/wp-json\/wp\/v2\/categories?post=6847"},{"taxonomy":"post_tag","embeddable":true,"href":"https:\/\/krankenhauspfarramt.de\/index.php\/wp-json\/wp\/v2\/tags?post=6847"}],"curies":[{"name":"wp","href":"https:\/\/api.w.org\/{rel}","templated":true}]}}