{"id":6855,"date":"2024-05-08T07:32:53","date_gmt":"2024-05-08T07:32:53","guid":{"rendered":"https:\/\/krankenhauspfarramt.de\/index.php\/2024\/05\/08\/himmelfahrt-traegt-kraft-zum-neuanfang-in-sich-ekd\/"},"modified":"2024-05-08T07:32:56","modified_gmt":"2024-05-08T07:32:56","slug":"himmelfahrt-traegt-kraft-zum-neuanfang-in-sich-ekd","status":"publish","type":"post","link":"https:\/\/krankenhauspfarramt.de\/index.php\/2024\/05\/08\/himmelfahrt-traegt-kraft-zum-neuanfang-in-sich-ekd\/","title":{"rendered":"Himmelfahrt tr\u00e4gt Kraft zum Neuanfang in sich \u2013 EKD"},"content":{"rendered":"<p> <br \/>\n<\/p>\n<div>\n<p>Die Hamburger Bisch\u00f6fin Fehrs verwies auf die biblische Erz\u00e4hlung, wonach Jesus von der Erde gen Himmel geht und zuvor mit weit ausgebreiteten Armen seine J\u00fcnger segnet. \u201eWeit. Und weitherzig. Und das ist alles andere als abgehoben\u201c, erl\u00e4uterte Fehrs: \u201eDenn diese Geste bedeutet: Wir sind alle gesegnete Menschen. Unterschieds- und ausnahmslos. Jeder Mensch ist geliebt, geachtet und gew\u00fcrdigt.\u201c<\/p>\n<p>Die Himmelfahrtsbotschaft bewege zur Mitmenschlichkeit. \u201eEs geht darum, die Hand zu reichen, wo andere abgrenzen. Schwachen und Schutzsuchenden zur Seite zu stehen. Sie ruft uns auf, Koalitionen der Hoffnung zu schmieden gegen die Angstmacher dieser Welt\u201c, sagte die EKD-Ratsvorsitzende.<\/p>\n<p>Christi Himmelfahrt wird 40 Tage nach Ostern begangen, in diesem Jahr am 9. Mai. Das Fest f\u00e4llt stets auf einen Donnerstag und ist in Deutschland ein gesetzlicher Feiertag. Zahlreiche Kirchengemeinden feiern ihre Himmelfahrtsgottesdienste traditionell im Freien. An dem Termin wird auch Vatertag gefeiert.<br \/>\u00a0<\/p>\n<\/p><\/div>\n","protected":false},"excerpt":{"rendered":"<p>Die Hamburger Bisch\u00f6fin Fehrs verwies auf die biblische Erz\u00e4hlung, wonach Jesus von der Erde gen Himmel geht und zuvor mit<\/p>\n","protected":false},"author":2,"featured_media":3978,"comment_status":"closed","ping_status":"closed","sticky":false,"template":"","format":"standard","meta":{"footnotes":""},"categories":[20],"tags":[],"_links":{"self":[{"href":"https:\/\/krankenhauspfarramt.de\/index.php\/wp-json\/wp\/v2\/posts\/6855"}],"collection":[{"href":"https:\/\/krankenhauspfarramt.de\/index.php\/wp-json\/wp\/v2\/posts"}],"about":[{"href":"https:\/\/krankenhauspfarramt.de\/index.php\/wp-json\/wp\/v2\/types\/post"}],"author":[{"embeddable":true,"href":"https:\/\/krankenhauspfarramt.de\/index.php\/wp-json\/wp\/v2\/users\/2"}],"replies":[{"embeddable":true,"href":"https:\/\/krankenhauspfarramt.de\/index.php\/wp-json\/wp\/v2\/comments?post=6855"}],"version-history":[{"count":1,"href":"https:\/\/krankenhauspfarramt.de\/index.php\/wp-json\/wp\/v2\/posts\/6855\/revisions"}],"predecessor-version":[{"id":6856,"href":"https:\/\/krankenhauspfarramt.de\/index.php\/wp-json\/wp\/v2\/posts\/6855\/revisions\/6856"}],"wp:featuredmedia":[{"embeddable":true,"href":"https:\/\/krankenhauspfarramt.de\/index.php\/wp-json\/wp\/v2\/media\/3978"}],"wp:attachment":[{"href":"https:\/\/krankenhauspfarramt.de\/index.php\/wp-json\/wp\/v2\/media?parent=6855"}],"wp:term":[{"taxonomy":"category","embeddable":true,"href":"https:\/\/krankenhauspfarramt.de\/index.php\/wp-json\/wp\/v2\/categories?post=6855"},{"taxonomy":"post_tag","embeddable":true,"href":"https:\/\/krankenhauspfarramt.de\/index.php\/wp-json\/wp\/v2\/tags?post=6855"}],"curies":[{"name":"wp","href":"https:\/\/api.w.org\/{rel}","templated":true}]}}