{"id":6870,"date":"2024-05-14T19:13:09","date_gmt":"2024-05-14T19:13:09","guid":{"rendered":"https:\/\/krankenhauspfarramt.de\/index.php\/2024\/05\/14\/militaerseelsorge-will-auch-fuer-nichtglaeubige-da-sein-ekd\/"},"modified":"2024-05-14T19:13:12","modified_gmt":"2024-05-14T19:13:12","slug":"militaerseelsorge-will-auch-fuer-nichtglaeubige-da-sein-ekd","status":"publish","type":"post","link":"https:\/\/krankenhauspfarramt.de\/index.php\/2024\/05\/14\/militaerseelsorge-will-auch-fuer-nichtglaeubige-da-sein-ekd\/","title":{"rendered":"Milit\u00e4rseelsorge will auch f\u00fcr Nichtgl\u00e4ubige da sein \u2013 EKD"},"content":{"rendered":"<p> <br \/>\n<\/p>\n<div>\n<p>Weimar (epd). Die evangelische Milit\u00e4rseelsorge sucht in der aktuell politisch und milit\u00e4risch angespannten Situation neue Ans\u00e4tze f\u00fcr ihre Arbeit. Es sei wichtig, dass Soldatinnen und Soldaten einen inneren Zugang zu der Ressource entwickelten, die Hilfe gebe und verhei\u00dfe, sagte Milit\u00e4rbischof Bernhard Felmberg am Dienstag bei der Gesamtkonferenz der evangelischen Milit\u00e4rgeistlichen der Bundeswehr in Weimar. Diese Ressource sei der Glaube an Jesus Christus.<\/p>\n<\/p><\/div>\n<div id=\"\">\n<p>Immer mehr Gefechts\u00fcbungen und nun auch dauerhafte Auslandseins\u00e4tze wie in Litauen erforderten neue Ans\u00e4tze f\u00fcr die seelsorgerische Arbeit in der Truppe. Viele Soldatinnen und Soldaten wachsen laut Felmberg ohne jede religi\u00f6se Sozialisation auf, ohne jeden Glauben. Milit\u00e4rseelsorge m\u00fcsse auch f\u00fcr Ungetaufte und nicht Gl\u00e4ubige da sein, ohne billige Mitgliederwerbung zu machen. Wichtig sei die Begleitung der Truppe.<\/p>\n<p>F\u00fcr den Generalinspekteur der Bundeswehr, General Carsten Breuer, steigert die Auseinandersetzung mit ethischen Fragen die Urteilsf\u00e4higkeit in Extremsituationen. Bei diejenigen, die keinen Bezug mehr zu Kirche haben, sei neben der Vermittlung des Glaubens vor allem das Zuh\u00f6ren wichtig. Durch den begleitenden Dienst sei durch die Seelsorge gro\u00dfes Vertrauen aufgebaut worden. Diese Bedeutung sei in der Truppe nicht mehr wegzudenken.<br \/>Gem\u00e4\u00df Soldatengesetz hat jeder Soldat Anspruch auf Seelsorge und ungest\u00f6rte Religionsaus\u00fcbung. Die evangelische Milit\u00e4rseelsorge leistet seit 1957 ihren Beitrag zur seelsorglichen Betreuung von Soldatinnen und Soldaten und deren Angeh\u00f6rigen.<br \/>\u00a0<\/p>\n<\/div>\n","protected":false},"excerpt":{"rendered":"<p>Weimar (epd). Die evangelische Milit\u00e4rseelsorge sucht in der aktuell politisch und milit\u00e4risch angespannten Situation neue Ans\u00e4tze f\u00fcr ihre Arbeit. Es<\/p>\n","protected":false},"author":2,"featured_media":6871,"comment_status":"closed","ping_status":"closed","sticky":false,"template":"","format":"standard","meta":{"footnotes":""},"categories":[20],"tags":[],"_links":{"self":[{"href":"https:\/\/krankenhauspfarramt.de\/index.php\/wp-json\/wp\/v2\/posts\/6870"}],"collection":[{"href":"https:\/\/krankenhauspfarramt.de\/index.php\/wp-json\/wp\/v2\/posts"}],"about":[{"href":"https:\/\/krankenhauspfarramt.de\/index.php\/wp-json\/wp\/v2\/types\/post"}],"author":[{"embeddable":true,"href":"https:\/\/krankenhauspfarramt.de\/index.php\/wp-json\/wp\/v2\/users\/2"}],"replies":[{"embeddable":true,"href":"https:\/\/krankenhauspfarramt.de\/index.php\/wp-json\/wp\/v2\/comments?post=6870"}],"version-history":[{"count":1,"href":"https:\/\/krankenhauspfarramt.de\/index.php\/wp-json\/wp\/v2\/posts\/6870\/revisions"}],"predecessor-version":[{"id":6872,"href":"https:\/\/krankenhauspfarramt.de\/index.php\/wp-json\/wp\/v2\/posts\/6870\/revisions\/6872"}],"wp:featuredmedia":[{"embeddable":true,"href":"https:\/\/krankenhauspfarramt.de\/index.php\/wp-json\/wp\/v2\/media\/6871"}],"wp:attachment":[{"href":"https:\/\/krankenhauspfarramt.de\/index.php\/wp-json\/wp\/v2\/media?parent=6870"}],"wp:term":[{"taxonomy":"category","embeddable":true,"href":"https:\/\/krankenhauspfarramt.de\/index.php\/wp-json\/wp\/v2\/categories?post=6870"},{"taxonomy":"post_tag","embeddable":true,"href":"https:\/\/krankenhauspfarramt.de\/index.php\/wp-json\/wp\/v2\/tags?post=6870"}],"curies":[{"name":"wp","href":"https:\/\/api.w.org\/{rel}","templated":true}]}}