{"id":6919,"date":"2024-05-29T10:18:57","date_gmt":"2024-05-29T10:18:57","guid":{"rendered":"https:\/\/krankenhauspfarramt.de\/index.php\/2024\/05\/29\/gedenkgottesdienst-fuer-alexej-nawalny-ekd\/"},"modified":"2024-05-29T10:18:59","modified_gmt":"2024-05-29T10:18:59","slug":"gedenkgottesdienst-fuer-alexej-nawalny-ekd","status":"publish","type":"post","link":"https:\/\/krankenhauspfarramt.de\/index.php\/2024\/05\/29\/gedenkgottesdienst-fuer-alexej-nawalny-ekd\/","title":{"rendered":"Gedenkgottesdienst f\u00fcr Alexej Nawalny \u2013 EKD"},"content":{"rendered":"<p> <br \/>\n<\/p>\n<div>\n<p>Berlin (epd). An den im Februar gestorbenen russischen Regimekritiker Alexej Nawalny (1976-2024) erinnert die Evangelische Kirche in Deutschland (EKD) am 4. Juni in Berlin mit einem Gedenkgottesdienst. Anlass ist der Geburtstag Nawalnys. An dem Gottesdienst in der Marienkirche werde auch Ehefrau Julia Nawalnaja teilnehmen, teilte die EKD am Dienstag in Hannover mit. Zudem w\u00fcrden Weggef\u00e4hrten sprechen. Die Teilnahme ist nur nach vorheriger Anmeldung m\u00f6glich.\u00a0<\/p>\n<p>Die Leitung des Gottesdienstes hat der Berliner evangelische Bischof und EKD-Fl\u00fcchtlingsbeauftragte Christian St\u00e4blein. Anl\u00e4sslich des Geburtstages Nawalnys finden den Angaben zufolge am 4. Juni in vielen L\u00e4ndern Veranstaltungen und Aktionen zum Gedenken an den russischen B\u00fcrgerrechtler statt.<\/p>\n<p>Der Kreml-Kritiker Nawalny war am 16. Februar im Alter von 47 Jahren im Straflager \u201ePolarwolf\u201c am Polarkreis in Sibirien zusammengebrochen und gestorben. Die Todesursache wurde nicht unabh\u00e4ngig gekl\u00e4rt. Er sa\u00df seit 2021 in Russland in Lagerhaft.<\/p>\n<p>2020 \u00fcberlebte Nawalny einen Giftanschlag. Nach seiner erfolgreichen Behandlung in Deutschland kehrte er nach Russland zur\u00fcck. Nawalny war am 12. Mai posthum mit dem Friedenspreis Dresden geehrt worden<br \/>\u00a0<\/p>\n<\/p><\/div>\n","protected":false},"excerpt":{"rendered":"<p>Berlin (epd). An den im Februar gestorbenen russischen Regimekritiker Alexej Nawalny (1976-2024) erinnert die Evangelische Kirche in Deutschland (EKD) am<\/p>\n","protected":false},"author":2,"featured_media":6920,"comment_status":"closed","ping_status":"closed","sticky":false,"template":"","format":"standard","meta":{"footnotes":""},"categories":[20],"tags":[],"_links":{"self":[{"href":"https:\/\/krankenhauspfarramt.de\/index.php\/wp-json\/wp\/v2\/posts\/6919"}],"collection":[{"href":"https:\/\/krankenhauspfarramt.de\/index.php\/wp-json\/wp\/v2\/posts"}],"about":[{"href":"https:\/\/krankenhauspfarramt.de\/index.php\/wp-json\/wp\/v2\/types\/post"}],"author":[{"embeddable":true,"href":"https:\/\/krankenhauspfarramt.de\/index.php\/wp-json\/wp\/v2\/users\/2"}],"replies":[{"embeddable":true,"href":"https:\/\/krankenhauspfarramt.de\/index.php\/wp-json\/wp\/v2\/comments?post=6919"}],"version-history":[{"count":1,"href":"https:\/\/krankenhauspfarramt.de\/index.php\/wp-json\/wp\/v2\/posts\/6919\/revisions"}],"predecessor-version":[{"id":6921,"href":"https:\/\/krankenhauspfarramt.de\/index.php\/wp-json\/wp\/v2\/posts\/6919\/revisions\/6921"}],"wp:featuredmedia":[{"embeddable":true,"href":"https:\/\/krankenhauspfarramt.de\/index.php\/wp-json\/wp\/v2\/media\/6920"}],"wp:attachment":[{"href":"https:\/\/krankenhauspfarramt.de\/index.php\/wp-json\/wp\/v2\/media?parent=6919"}],"wp:term":[{"taxonomy":"category","embeddable":true,"href":"https:\/\/krankenhauspfarramt.de\/index.php\/wp-json\/wp\/v2\/categories?post=6919"},{"taxonomy":"post_tag","embeddable":true,"href":"https:\/\/krankenhauspfarramt.de\/index.php\/wp-json\/wp\/v2\/tags?post=6919"}],"curies":[{"name":"wp","href":"https:\/\/api.w.org\/{rel}","templated":true}]}}