{"id":6922,"date":"2024-05-29T19:01:31","date_gmt":"2024-05-29T19:01:31","guid":{"rendered":"https:\/\/krankenhauspfarramt.de\/index.php\/2024\/05\/29\/16-05-2024-christinnen-und-christen-haben-den-beruf-zum-brueckenbauen\/"},"modified":"2024-05-29T19:01:31","modified_gmt":"2024-05-29T19:01:31","slug":"16-05-2024-christinnen-und-christen-haben-den-beruf-zum-brueckenbauen","status":"publish","type":"post","link":"https:\/\/krankenhauspfarramt.de\/index.php\/2024\/05\/29\/16-05-2024-christinnen-und-christen-haben-den-beruf-zum-brueckenbauen\/","title":{"rendered":"16.05.2024 \u201eChristinnen und Christen haben den Beruf zum Br\u00fcckenbauen\u201c"},"content":{"rendered":"<p><img decoding=\"async\" src=\"https:\/\/www.elk-wue.de\/\" \/><\/p>\n<div id=\"c49611\">\n<header>\n<h2 class=\"b_is-headline\">\u201eChristinnen und Christen haben den Beruf zum Br\u00fcckenbauen\u201c<\/h2>\n<h3>Landesbischof Gohl ruft in seiner Pfingstbotschaft auf, gesellschaftliche Abgr\u00fcnde zu \u00fcberwinden und Vielfalt zu wertsch\u00e4tzen<\/h3>\n<\/header>\n<p>Stuttgart. \u201eWir Christinnen und Christen haben den Beruf zum Br\u00fcckenbauen! Deshalb lasst uns in der Gemeinschaft der weltweiten Kirche unserem pfingstlichen Auftrag nachkommen! Lasst uns Br\u00fccken bauen, die die Menschen zusammenf\u00fchren.\u201c So appelliert Landesbischof Ernst-Wilhelm Gohl in seiner Pfingstbotschaft an alle Christinnen und Christen. Gohl ruft Kirchen und Gemeinden dazu auf, aktiv zu Vers\u00f6hnung und Verst\u00e4ndigung beizutragen: \u201eLasst uns als Kirchen, als Gemeinden solche R\u00e4ume er\u00f6ffnen und Gespr\u00e4chsbr\u00fccken bilden f\u00fcr Menschen, die einander fremd sind. Lasst uns vorleben, dass Verschiedenheit nicht dazu f\u00fchrt, dass wir uns voneinander abwenden. Wir leben aus der Vers\u00f6hnung, die uns in Christus geschenkt ist. Deshalb ertragen wir Konflikte. Deshalb geben wir dem \u201a\u00dcbersetzen, Kritisieren und Lernen\u2018 Raum.\u201c<\/p>\n<p><strong>Im Folgenden finden Sie Ausz\u00fcge aus der Predigt, die Landesbischof Gohl am Pfingstmontag beim Tag der weltweiten Kirche in der Stuttgarter Stiftskirche halten wird und die seine Pfingstbotschaft enthalten.<\/strong><\/p>\n<p>\u201eWir Christinnen und Christen haben den Beruf zum Br\u00fcckenbauen! Deshalb lasst uns in der Gemeinschaft der weltweiten Kirche unserem pfingstlichen Auftrag nachkommen! Lasst uns Br\u00fccken bauen, die die Menschen zusammenf\u00fchren. Und wir k\u00f6nnen das, weil wir die Br\u00fccke nicht zusammenhalten m\u00fcssen, sondern den Schlussstein haben, der die Br\u00fccke zusammenh\u00e4lt: Jesus Christus. Er ist nicht nur der Grundstein. Er ist auch der Schlussstein unseres Wirkens f\u00fcr den Frieden.\u201c<\/p>\n<p>\u201eJe st\u00e4rker wir uns an Christus orientieren, auf ihn zustreben, desto n\u00e4her kommen wir einander und desto kr\u00e4ftiger ist unsere Gemeinschaft. Denn wo der Schlussstein an seinem Platz ist, da stabilisieren sich die Steine gegenseitig.\u201c<\/p>\n<p>\u201eSo schaffen wir das. Miteinander. Br\u00fccken zu bauen, die die gesellschaftlichen Abgr\u00fcnde \u00fcberbr\u00fccken. Br\u00fccken, die Menschen aufeinander zugehen lassen.\u201c<\/p>\n<p>\u201eLasst uns als Kirchen, als Gemeinden solche R\u00e4ume er\u00f6ffnen und Gespr\u00e4chsbr\u00fccken bilden f\u00fcr Menschen, die einander fremd sind. Lasst uns vorleben, dass Verschiedenheit nicht dazu f\u00fchrt, dass wir uns voneinander abwenden. Wir leben aus der Vers\u00f6hnung, die uns in Christus geschenkt ist. Deshalb ertragen wir Konflikte. Deshalb geben wir dem \u201e\u00dcbersetzen, Kritisieren und Lernen\u201c Raum. Wer, wenn nicht wir?\u201c<\/p>\n<p>\u201eDoch vor allem geben wir Zeugnis davon, welchen Reichtum die Vielfalt bedeuten kann. So wie heute in unserem Gottesdienst zum Pfingstfest. Welcher Reichtum da zusammenklingt! An Sprachen, Liedern und Bildern. So klingt Pfingsten! Kein Zaun steht mehr im Weg. Keine Mauer ist zu hoch f\u00fcr Gottes Kinder.\u201c<\/p>\n<p>\u201eUnsere Einheit ist noch nicht vollkommen. Wir sind aber miteinander auf dem Weg. Unser gemeinsamer Gottesdienst heute ist eine Feier auf dem Weg. Wir feiern den Grund unserer Hoffnung: In Jesus Christus sind wir schon eins. Und wir erleben einen Vorgeschmack der F\u00fclle, auf die wir zugehen. Eine F\u00fclle, in der alles Trennende wirklich \u00fcberwunden sein wird. Denn er ist unser Friede.\u201c<\/p>\n<p>Dan Peter<br \/>Sprecher der Landeskirche\u00a0\u00a0\u00a0\u00a0\u00a0\u00a0\u00a0<\/p>\n<p><strong>Hinweise:<\/strong> Mehr \u00fcber den Tag der weltweiten Kirche erfahren Sie hier: https:\/\/www.elk-wue.de\/news\/2024\/14052024-tag-der-weltweiten-kirche-2024. Bilder von Landesbischof Gohl finden Sie im Pressebereich unserer Webseite.<\/p>\n<\/div>\n","protected":false},"excerpt":{"rendered":"<p>\u201eChristinnen und Christen haben den Beruf zum Br\u00fcckenbauen\u201c Landesbischof Gohl ruft in seiner Pfingstbotschaft auf, gesellschaftliche Abgr\u00fcnde zu \u00fcberwinden und<\/p>\n","protected":false},"author":1,"featured_media":0,"comment_status":"closed","ping_status":"closed","sticky":false,"template":"","format":"standard","meta":{"footnotes":""},"categories":[21],"tags":[],"_links":{"self":[{"href":"https:\/\/krankenhauspfarramt.de\/index.php\/wp-json\/wp\/v2\/posts\/6922"}],"collection":[{"href":"https:\/\/krankenhauspfarramt.de\/index.php\/wp-json\/wp\/v2\/posts"}],"about":[{"href":"https:\/\/krankenhauspfarramt.de\/index.php\/wp-json\/wp\/v2\/types\/post"}],"author":[{"embeddable":true,"href":"https:\/\/krankenhauspfarramt.de\/index.php\/wp-json\/wp\/v2\/users\/1"}],"replies":[{"embeddable":true,"href":"https:\/\/krankenhauspfarramt.de\/index.php\/wp-json\/wp\/v2\/comments?post=6922"}],"version-history":[{"count":0,"href":"https:\/\/krankenhauspfarramt.de\/index.php\/wp-json\/wp\/v2\/posts\/6922\/revisions"}],"wp:attachment":[{"href":"https:\/\/krankenhauspfarramt.de\/index.php\/wp-json\/wp\/v2\/media?parent=6922"}],"wp:term":[{"taxonomy":"category","embeddable":true,"href":"https:\/\/krankenhauspfarramt.de\/index.php\/wp-json\/wp\/v2\/categories?post=6922"},{"taxonomy":"post_tag","embeddable":true,"href":"https:\/\/krankenhauspfarramt.de\/index.php\/wp-json\/wp\/v2\/tags?post=6922"}],"curies":[{"name":"wp","href":"https:\/\/api.w.org\/{rel}","templated":true}]}}