{"id":6928,"date":"2024-05-31T15:50:17","date_gmt":"2024-05-31T15:50:17","guid":{"rendered":"https:\/\/krankenhauspfarramt.de\/index.php\/2024\/05\/31\/bischoefin-fehrs-prangert-gewalt-gegen-frauen-an-ekd\/"},"modified":"2024-05-31T15:50:20","modified_gmt":"2024-05-31T15:50:20","slug":"bischoefin-fehrs-prangert-gewalt-gegen-frauen-an-ekd","status":"publish","type":"post","link":"https:\/\/krankenhauspfarramt.de\/index.php\/2024\/05\/31\/bischoefin-fehrs-prangert-gewalt-gegen-frauen-an-ekd\/","title":{"rendered":"Bisch\u00f6fin Fehrs prangert Gewalt gegen Frauen an \u2013 EKD"},"content":{"rendered":"<p> <br \/>\n<\/p>\n<div>\n<p>Erfurt (epd). Die amtierende Ratsvorsitzende der Evangelischen Kirche in Deutschland (EKD), Kirsten Fehrs, hat auf dem Katholikentag in Erfurt die weltweite Gewalt gegen Frauen angeprangert. \u201eKeine Toleranz daf\u00fcr, dass die W\u00fcrde von so vielen Menschen, von so vielen Frauen in so vielen L\u00e4ndern dieser Erde mit F\u00fc\u00dfen getreten wird\u201c, sagte die Hamburger Bisch\u00f6fin am Freitag im Erfurter Dom in einem \u00f6kumenischen Frauengottesdienst. Man d\u00fcrfe sich nicht abfinden mit gewaltt\u00e4tigen Despoten, mit Machtmissbrauch und Diskriminierung.<\/p>\n<\/p><\/div>\n<div id=\"\">\n<p>Ein besonderes Kapitel sei die Gewalt, vor allem sexualisierte Gewalt, die Frauen in Kriegen erleiden, f\u00fcgte Fehrs hinzu: \u201eSoldaten oder bewaffnete Milizen nutzen ihre Macht und den Zusammenbruch rechtsstaatlicher Kontrolle aus, um auf grausamste Weise Frauen in ihrer Integrit\u00e4t zu zerst\u00f6ren. Strafverfolgung m\u00fcssen sie ja nicht f\u00fcrchten.\u201c<\/p>\n<p>Seit Jahrtausenden gebe es Kriegsgewalt gegen Frauen, beklagte Fehrs: Oft k\u00e4mpften sie jahrzehntelang um die Anerkennung ihres Leids, wie Zehntausende sogenannte \u201eTrostfrauen\u201c, die w\u00e4hrend des Zweiten Weltkriegs in japanische Kriegsbordelle verschleppt wurden. Erst allm\u00e4hlich entwickele sich ein \u00f6ffentliches Bewusstsein daf\u00fcr. Es sei ein Erfolg der weltweiten Frauenrechtsbewegung, dass diese Gewalt gegen Frauen mittlerweile thematisiert, enttabuisiert und ernst genommen wird, sagte die Bisch\u00f6fin in ihrer Predigt zum Bibeltext \u00fcber die Geschichte von Naamans Heilung (2. K\u00f6nige 5, 1-14).<\/p>\n<p>Oft werde die Gewalt gegen Frauen zudem sprachlich verharmlost und bagatellisiert, kritisierte die Bisch\u00f6fin. Wenn in Deutschland fast jeden dritten Tag eine Frau durch die Hand ihres Partners oder Ex-Partners stirbt, spreche die Berichterstattung oft von einem \u201eFamiliendrama\u201c. Fehrs begr\u00fc\u00dfte ausdr\u00fccklich auch die Auseinandersetzung damit, \u201edass und wie Machtmissbrauch und Gewalt in unseren Kirchen geschehen konnte\u201c.<\/p>\n<p>Der f\u00fcnft\u00e4gige 103. Deutsche Katholikentag in Erfurt steht bis Sonntag unter dem biblischen Leitwort \u201eZukunft hat der Mensch des Friedens\u201c aus Psalm 37. Alle zwei Jahre veranstaltet das Zentralkomitee der deutschen Katholiken (ZdK) einen Katholikentag, jeweils in einem anderen Bistum.<br \/>\u00a0<\/p>\n<\/div>\n","protected":false},"excerpt":{"rendered":"<p>Erfurt (epd). Die amtierende Ratsvorsitzende der Evangelischen Kirche in Deutschland (EKD), Kirsten Fehrs, hat auf dem Katholikentag in Erfurt die<\/p>\n","protected":false},"author":2,"featured_media":6929,"comment_status":"closed","ping_status":"closed","sticky":false,"template":"","format":"standard","meta":{"footnotes":""},"categories":[20],"tags":[],"_links":{"self":[{"href":"https:\/\/krankenhauspfarramt.de\/index.php\/wp-json\/wp\/v2\/posts\/6928"}],"collection":[{"href":"https:\/\/krankenhauspfarramt.de\/index.php\/wp-json\/wp\/v2\/posts"}],"about":[{"href":"https:\/\/krankenhauspfarramt.de\/index.php\/wp-json\/wp\/v2\/types\/post"}],"author":[{"embeddable":true,"href":"https:\/\/krankenhauspfarramt.de\/index.php\/wp-json\/wp\/v2\/users\/2"}],"replies":[{"embeddable":true,"href":"https:\/\/krankenhauspfarramt.de\/index.php\/wp-json\/wp\/v2\/comments?post=6928"}],"version-history":[{"count":1,"href":"https:\/\/krankenhauspfarramt.de\/index.php\/wp-json\/wp\/v2\/posts\/6928\/revisions"}],"predecessor-version":[{"id":6930,"href":"https:\/\/krankenhauspfarramt.de\/index.php\/wp-json\/wp\/v2\/posts\/6928\/revisions\/6930"}],"wp:featuredmedia":[{"embeddable":true,"href":"https:\/\/krankenhauspfarramt.de\/index.php\/wp-json\/wp\/v2\/media\/6929"}],"wp:attachment":[{"href":"https:\/\/krankenhauspfarramt.de\/index.php\/wp-json\/wp\/v2\/media?parent=6928"}],"wp:term":[{"taxonomy":"category","embeddable":true,"href":"https:\/\/krankenhauspfarramt.de\/index.php\/wp-json\/wp\/v2\/categories?post=6928"},{"taxonomy":"post_tag","embeddable":true,"href":"https:\/\/krankenhauspfarramt.de\/index.php\/wp-json\/wp\/v2\/tags?post=6928"}],"curies":[{"name":"wp","href":"https:\/\/api.w.org\/{rel}","templated":true}]}}