{"id":6933,"date":"2024-06-03T09:26:49","date_gmt":"2024-06-03T09:26:49","guid":{"rendered":"https:\/\/krankenhauspfarramt.de\/index.php\/2024\/06\/03\/tauffeste-als-beduerfnisorientiertes-erlebnis-ekd\/"},"modified":"2024-06-03T09:26:52","modified_gmt":"2024-06-03T09:26:52","slug":"tauffeste-als-beduerfnisorientiertes-erlebnis-ekd","status":"publish","type":"post","link":"https:\/\/krankenhauspfarramt.de\/index.php\/2024\/06\/03\/tauffeste-als-beduerfnisorientiertes-erlebnis-ekd\/","title":{"rendered":"Tauffeste als bed\u00fcrfnisorientiertes Erlebnis \u2013 EKD"},"content":{"rendered":"<p> <br \/>\n<\/p>\n<div id=\"\">\n<div class=\"article--meta article--meta__border clearfix\">\n<p>                                    <time datetime=\"03.06.2024 09:00\" class=\"article--time\">03.06.2024<\/time><\/p>\n<p>                                     <strong class=\"article--type primus--overline\">Pressemitteilung<\/strong><\/p>\n<picture class=\"article--source-image image\"><source srcset=\"https:\/\/www.ekd.de\/ekd_de\/ds_img\/assets\/20170622_ekd-Quellenlogo_141_rdax_423x118.png\"><!--<source srcset=\"\/ekd_de\/ds_img\/assets\/20170622_ekd-Quellenlogo_141_rdax_141x39.png 1x, \/ekd_de\/ds_img\/assets\/20170622_ekd-Quellenlogo_141_rdax_282x78.png 2x, https:\/\/www.ekd.de\/ekd_de\/ds_img\/assets\/20170622_ekd-Quellenlogo_141_rdax_423x118.png 3x\">--><\/p>\n<p>    <\/source><\/picture>\n<\/p><\/div>\n<h2 class=\"article--sub-headline primus--sub-headline\">Evaluation der Taufinitiative ver\u00f6ffentlicht \u2013 auch in diesem Jahr stellt die EKD Gemeinden Material rund um die Taufe zur Verf\u00fcgung<\/h2>\n<\/p><\/div>\n<div id=\"\">\n<p class=\"EKDFlietext\"><span style=\"line-height:14pt\">Unter dem Motto \u201eViele Gr\u00fcnde, ein Segen. Deine Taufe.\u201c lud die evangelische Kirche im vergangenen Jahr dazu ein, die Taufe zu feiern. Es beteiligten sich etwa 1.000 Kirchengemeinden aus allen 20 Landeskirchen der Evangelischen Kirche in Deutschland (EKD) mit Tauffesten, Tauferinnerungsfeiern und vielem mehr. Die Ideen der Gemeinden reichen von Taufen in Freib\u00e4dern oder an Fl\u00fcssen bis hin zu Aktionstagen am Meer und gro\u00dfen Tauffesten.<\/span><\/p>\n<p class=\"EKDFlietext\"><span style=\"line-height:14pt\">Eine Evaluation von midi, der Zukunftswerkstatt von Kirche und Diakonie, beleuchtet nun weitere Fakten rund um die Initiative:<\/span><\/p>\n<ul>\n<li class=\"EKDFlietext\" style=\"margin: 0cm;\"><span style=\"line-height:14pt\">Bed\u00fcrfnisorientiertes Erlebnis: Die Tauf-Feste fanden meist an unkonventionellen Orten au\u00dferhalb des Kirchraums statt wie z. B. im Freibad, am Badesee oder im Kirchgarten. Zwei Drittel der befragten Gemeinden haben nach der Taufe ein gemeinschaftliches Beisammensein in lockerer Atmosph\u00e4re in Form eines Picknicks, Grill- oder Hoffestes angeboten.<\/span><\/li>\n<li class=\"EKDFlietext\" style=\"margin: 0cm;\"><span style=\"line-height:14pt\">Ehrenamtliche Beteiligung: Bei den befragten Gemeinden engagierten sich durchschnittlich zwei Pfarrpersonen und neun ehrenamtliche Helfer:innen pro Gemeinde, unterst\u00fctzt von kirchenmusikalischen Ensembles und Gruppen aus der Kinder-, Jugend- und Konfirmandenarbeit.<\/span><\/li>\n<li class=\"EKDFlietext\" style=\"margin: 0cm;\"><span style=\"line-height:14pt\">Gemeinschaftsstiftende Wirkung: Ein besonderes Tauf-Fest auf die Beine zu stellen, war f\u00fcr viele Gemeinden ein wichtiges Erlebnis der Selbstwirksamkeit. Nicht nur Gemeindemitglieder, sondern auch Menschen, die der Kirche bisher fernstanden, f\u00fchlten sich bei den Tauf-Festen eingeladen und willkommen.<\/span><\/li>\n<li class=\"EKDFlietext\" style=\"margin: 0cm;\"><span style=\"line-height:14pt\">Zeitgem\u00e4\u00dfe Taufpraxis: Die Art und Weise, wie Taufen heute gefeiert werden, ist im Wandel. Mit Tauf-Festen, die als Gemeinschaftserlebnisse konzipiert sind, erf\u00e4hrt das traditionelle Ritual eine zeitgem\u00e4\u00dfe und lebendige Neuinterpretation.<\/span><\/li>\n<\/ul>\n<p class=\"EKDFlietext\">\u00a0<\/p>\n<\/div>\n<div id=\"\">\n<p>    \t    <!-- SRC:  --><\/p>\n<aside class=\"article--aside quintus teaser teaser__related rs_skip rs_preserve\">\n<div class=\"teaser--article teaser--content\">\n<figure class=\"teaser--image\">\n                                    <picture><source media=\"(max-width:935px)\" srcset=\"https:\/\/www.ekd.de\/ekd_de\/ds_img\/assets_1875_x\/20170222_Basti_Arlt_Taufe_1875_rdax_625x352_60.jpg 1x, https:\/\/www.ekd.de\/ekd_de\/ds_img\/assets_1875_x\/20170222_Basti_Arlt_Taufe_1875_rdax_1250x704_60.jpg 2x, https:\/\/www.ekd.de\/ekd_de\/ds_img\/assets_1875_x\/20170222_Basti_Arlt_Taufe_1875_rdax_60.jpg 3x\"><source media=\"(min-width:934px)\" srcset=\"https:\/\/www.ekd.de\/ekd_de\/ds_img\/assets_1875_x\/20170222_Basti_Arlt_Taufe_1875_rdax_360x203_70.jpg 1x, https:\/\/www.ekd.de\/ekd_de\/ds_img\/assets_1875_x\/20170222_Basti_Arlt_Taufe_1875_rdax_720x406_70.jpg 2x, https:\/\/www.ekd.de\/ekd_de\/ds_img\/assets_1875_x\/20170222_Basti_Arlt_Taufe_1875_rdax_1080x608_70.jpg 3x\"><img decoding=\"async\" src=\"https:\/\/www.ekd.de\/ekd_de\/ds_img\/assets_1875_x\/20170222_Basti_Arlt_Taufe_1875_rdax_625x352_60.jpg\" alt=\"Ein Pfarrer tauft einen S\u00e4ugling, der von seinen Eltern \u00fcber das Taufbecken gehalten wird.\"\/><br \/>\n                                    <\/source><\/source><\/picture><figcaption\/>\n                                <\/figure>\n<p class=\"quintus--text teaser--text\">Die Taufe ist die festliche Aufnahme eines Menschen in die christliche Gemeinde. Im Taufgottesdienst gie\u00dft dabei die Pfarrerin oder der Pfarrer einige Tropfen Wasser \u00fcber den Kopf des T\u00e4uflings. Ob kleine Kinder getauft werden, Erwachsene oder Jugendliche vor der Konfirmation &#8211; durch das Sakrament der Taufe wird ihnen allen zugesprochen: Du geh\u00f6rst zu Christus, Christus hat dich erl\u00f6st.<\/p>\n<\/p><\/div>\n<\/aside>\n<div class=\"article--content\">\n<p>Alle Ergebnisse der Evaluation stehen im Internet bereit:<br \/>www.mi-di.de\/materialien\/deinetaufe<\/p>\n<p>Die Materialien rund um die Taufe stehen Gemeinden auch weiterhin in aktualisierter Fassung online zur Verf\u00fcgung. https:\/\/www.deinetaufe.de\/<\/p>\n<p>Hannover, 3. Juni 2024<\/p>\n<p>Pressestelle der EKD<\/p>\n<\/p><\/div>\n<\/div>\n","protected":false},"excerpt":{"rendered":"<p>03.06.2024 Pressemitteilung Evaluation der Taufinitiative ver\u00f6ffentlicht \u2013 auch in diesem Jahr stellt die EKD Gemeinden Material rund um die Taufe<\/p>\n","protected":false},"author":2,"featured_media":6934,"comment_status":"closed","ping_status":"closed","sticky":false,"template":"","format":"standard","meta":{"footnotes":""},"categories":[20],"tags":[],"_links":{"self":[{"href":"https:\/\/krankenhauspfarramt.de\/index.php\/wp-json\/wp\/v2\/posts\/6933"}],"collection":[{"href":"https:\/\/krankenhauspfarramt.de\/index.php\/wp-json\/wp\/v2\/posts"}],"about":[{"href":"https:\/\/krankenhauspfarramt.de\/index.php\/wp-json\/wp\/v2\/types\/post"}],"author":[{"embeddable":true,"href":"https:\/\/krankenhauspfarramt.de\/index.php\/wp-json\/wp\/v2\/users\/2"}],"replies":[{"embeddable":true,"href":"https:\/\/krankenhauspfarramt.de\/index.php\/wp-json\/wp\/v2\/comments?post=6933"}],"version-history":[{"count":1,"href":"https:\/\/krankenhauspfarramt.de\/index.php\/wp-json\/wp\/v2\/posts\/6933\/revisions"}],"predecessor-version":[{"id":6935,"href":"https:\/\/krankenhauspfarramt.de\/index.php\/wp-json\/wp\/v2\/posts\/6933\/revisions\/6935"}],"wp:featuredmedia":[{"embeddable":true,"href":"https:\/\/krankenhauspfarramt.de\/index.php\/wp-json\/wp\/v2\/media\/6934"}],"wp:attachment":[{"href":"https:\/\/krankenhauspfarramt.de\/index.php\/wp-json\/wp\/v2\/media?parent=6933"}],"wp:term":[{"taxonomy":"category","embeddable":true,"href":"https:\/\/krankenhauspfarramt.de\/index.php\/wp-json\/wp\/v2\/categories?post=6933"},{"taxonomy":"post_tag","embeddable":true,"href":"https:\/\/krankenhauspfarramt.de\/index.php\/wp-json\/wp\/v2\/tags?post=6933"}],"curies":[{"name":"wp","href":"https:\/\/api.w.org\/{rel}","templated":true}]}}