{"id":6936,"date":"2024-06-03T17:29:44","date_gmt":"2024-06-03T17:29:44","guid":{"rendered":"https:\/\/krankenhauspfarramt.de\/index.php\/2024\/06\/03\/hautfarbe-von-spielern-sollte-kein-thema-sein-ekd\/"},"modified":"2024-06-03T17:29:46","modified_gmt":"2024-06-03T17:29:46","slug":"hautfarbe-von-spielern-sollte-kein-thema-sein-ekd","status":"publish","type":"post","link":"https:\/\/krankenhauspfarramt.de\/index.php\/2024\/06\/03\/hautfarbe-von-spielern-sollte-kein-thema-sein-ekd\/","title":{"rendered":"Hautfarbe von Spielern sollte kein Thema sein \u2013 EKD"},"content":{"rendered":"<p> <br \/>\n<\/p>\n<div>\n<p>D\u00fcsseldorf (epd). Der Sportbeauftragte der Evangelischen Kirche in Deutschland (EKD), Thorsten Latzel, nennt die Diskussion \u00fcber Herkunft oder Hautfarbe von Nationalspielern \u201eerschreckend\u201c. \u201eIn der Nationalmannschaft darf es allein um fu\u00dfballerische F\u00e4higkeiten gehen, um nichts sonst\u201c, sagte der rheinische Pr\u00e4ses am Montag dem Evangelischen Pressedienst (epd). \u201eUnd es sollte ein Markenzeichen f\u00fcr unser Land sein, dass das kein Thema ist.\u201c<\/p>\n<p>Sportlerinnen und Sportler mit migrantischem Hintergrund berichteten immer wieder, dass ihre Herkunft auf dem Platz zum Thema gemacht werde, sagte Latzel: \u201eDas zerst\u00f6rt die integrative Idee des Sports, das hat in unserer Gesellschaft nichts zu suchen, und das widerspricht zutiefst dem christlichen Glauben.\u201c<\/p>\n<p>In einer am vergangenen Wochenende ver\u00f6ffentlichten WDR-Umfrage hatten 21 Prozent der Befragten angegeben, dass sie es besser f\u00e4nden, wenn wieder mehr Spieler mit wei\u00dfer Hautfarbe in der deutschen Nationalmannschaft spielen w\u00fcrden. Die Mehrheit der Befragten (65 Prozent) stimmte dieser Aussage laut WDR eher nicht oder \u00fcberhaupt nicht zu. Die Umfrage wurde im Auftrag der WDR-Sendung \u201eSport Inside\u201c f\u00fcr eine TV-Dokumentation zur Fu\u00dfball-Europameisterschaft vorgenommen. Sowohl das Ergebnis der Umfrage als auch die Umfrage selbst hatten am Wochenende f\u00fcr Kritik gesorgt.<br \/>\u00a0<\/p>\n<\/p><\/div>\n","protected":false},"excerpt":{"rendered":"<p>D\u00fcsseldorf (epd). Der Sportbeauftragte der Evangelischen Kirche in Deutschland (EKD), Thorsten Latzel, nennt die Diskussion \u00fcber Herkunft oder Hautfarbe von<\/p>\n","protected":false},"author":2,"featured_media":6924,"comment_status":"closed","ping_status":"closed","sticky":false,"template":"","format":"standard","meta":{"footnotes":""},"categories":[20],"tags":[],"_links":{"self":[{"href":"https:\/\/krankenhauspfarramt.de\/index.php\/wp-json\/wp\/v2\/posts\/6936"}],"collection":[{"href":"https:\/\/krankenhauspfarramt.de\/index.php\/wp-json\/wp\/v2\/posts"}],"about":[{"href":"https:\/\/krankenhauspfarramt.de\/index.php\/wp-json\/wp\/v2\/types\/post"}],"author":[{"embeddable":true,"href":"https:\/\/krankenhauspfarramt.de\/index.php\/wp-json\/wp\/v2\/users\/2"}],"replies":[{"embeddable":true,"href":"https:\/\/krankenhauspfarramt.de\/index.php\/wp-json\/wp\/v2\/comments?post=6936"}],"version-history":[{"count":1,"href":"https:\/\/krankenhauspfarramt.de\/index.php\/wp-json\/wp\/v2\/posts\/6936\/revisions"}],"predecessor-version":[{"id":6937,"href":"https:\/\/krankenhauspfarramt.de\/index.php\/wp-json\/wp\/v2\/posts\/6936\/revisions\/6937"}],"wp:featuredmedia":[{"embeddable":true,"href":"https:\/\/krankenhauspfarramt.de\/index.php\/wp-json\/wp\/v2\/media\/6924"}],"wp:attachment":[{"href":"https:\/\/krankenhauspfarramt.de\/index.php\/wp-json\/wp\/v2\/media?parent=6936"}],"wp:term":[{"taxonomy":"category","embeddable":true,"href":"https:\/\/krankenhauspfarramt.de\/index.php\/wp-json\/wp\/v2\/categories?post=6936"},{"taxonomy":"post_tag","embeddable":true,"href":"https:\/\/krankenhauspfarramt.de\/index.php\/wp-json\/wp\/v2\/tags?post=6936"}],"curies":[{"name":"wp","href":"https:\/\/api.w.org\/{rel}","templated":true}]}}