{"id":6940,"date":"2024-06-04T18:20:55","date_gmt":"2024-06-04T18:20:55","guid":{"rendered":"https:\/\/krankenhauspfarramt.de\/index.php\/2024\/06\/04\/moltmann-war-ein-einmaliges-geschenk-fuer-die-evangelische-kirche-ekd\/"},"modified":"2024-06-04T18:20:58","modified_gmt":"2024-06-04T18:20:58","slug":"moltmann-war-ein-einmaliges-geschenk-fuer-die-evangelische-kirche-ekd","status":"publish","type":"post","link":"https:\/\/krankenhauspfarramt.de\/index.php\/2024\/06\/04\/moltmann-war-ein-einmaliges-geschenk-fuer-die-evangelische-kirche-ekd\/","title":{"rendered":"Moltmann war \u201eein einmaliges Geschenk f\u00fcr die evangelische Kirche\u201c \u2013 EKD"},"content":{"rendered":"<p> <br \/>\n<\/p>\n<div id=\"\">\n<div class=\"article--meta article--meta__border clearfix\">\n<p>                                    <time datetime=\"04.06.2024 15:00\" class=\"article--time\">04.06.2024<\/time><\/p>\n<p>                                     <strong class=\"article--type primus--overline\">Pressemitteilung<\/strong><\/p>\n<picture class=\"article--source-image image\"><source srcset=\"https:\/\/www.ekd.de\/ekd_de\/ds_img\/assets\/20170622_ekd-Quellenlogo_141_rdax_423x118.png\"><!--<source srcset=\"\/ekd_de\/ds_img\/assets\/20170622_ekd-Quellenlogo_141_rdax_141x39.png 1x, \/ekd_de\/ds_img\/assets\/20170622_ekd-Quellenlogo_141_rdax_282x78.png 2x, https:\/\/www.ekd.de\/ekd_de\/ds_img\/assets\/20170622_ekd-Quellenlogo_141_rdax_423x118.png 3x\">--><\/p>\n<p>    <\/source><\/picture>\n<\/p><\/div>\n<h2 class=\"article--sub-headline primus--sub-headline\">EKD trauert um verstorbenen Theologen J\u00fcrgen Moltmann<\/h2>\n<\/p><\/div>\n<div id=\"\">\n<p>Die amtierende Ratsvorsitzende der Evangelischen Kirche in Deutschland (EKD), Bisch\u00f6fin Kirsten Fehrs, w\u00fcrdigt den am 3. Juni verstorbenen Theologen J\u00fcrgen Moltmann als \u201eein einmaliges Geschenk f\u00fcr die evangelische Kirche\u201c. Moltmanns besondere Leistung, so Bisch\u00f6fin Fehrs, liege darin, theologische Einsichten in unterschiedlichsten Kontexten verst\u00e4ndlich zu machen. \u201eEr wusste als systematischer Theologe meisterhaft philosophische Traditionen mit Gegenwartsthemen mit Zukunftsmut zu verbinden. Wir verdanken diesem markanten theologischen Original und sensitiven Dialogiker unendlich viel: \u00f6kumenische Herzensweite, eine geh\u00f6rige Portion wissenschaftliche Radikalit\u00e4t, politische Courage und grenzenlose Hoffnung.\u201c<\/p>\n<p>J\u00fcrgen Moltmann hat mit seinem theologischen Werk Kirche und Gesellschaft international beeinflusst. Vor allem Moltmanns Buch \u201eTheologie der Hoffnung\u201c hat seit seinem Erscheinen in den sechziger Jahren des vergangenen Jahrhunderts zahlreiche Theologinnen und Theologen gepr\u00e4gt und Debatten ausgel\u00f6st, die weit \u00fcber die evangelische Kirche hinaus ausstrahlten. Ausgehend von der christlichen Auferstehungshoffnung, vermittelt Moltmanns gedanklich wie sprachlich kraftvolle Theologie bis heute Impulse f\u00fcr konkretes emanzipatorisches Engagement. Sp\u00e4ter setzte er unter anderem wichtige Impulse f\u00fcr eine \u00f6kumenische Theologie der Sch\u00f6pfung.<\/p>\n<p>J\u00fcrgen Moltmann kann als einer der bekanntesten evangelischen Theologen des 20. Jahrhunderts gelten. Seine 1964 erschienene \u201eTheologie der Hoffnung\u201c wurde in zahlreiche Sprachen \u00fcbersetzt und hat Theologen weltweit beeinflusst. Stark rezipiert wurde auch sein 1972 unter dem Titel \u201eDer gekreuzigte Gott\u201c erschienener Beitrag zur Christologie, der Gottes Leidensf\u00e4higkeit in den Mittelpunkt stellt. Zusammenfassend stellte Moltmann seinen theologischen Ansatz in seiner zwischen 1980 und 1995 erschienenen f\u00fcnfb\u00e4ndigen Dogmatik dar (\u201eSystematische Beitr\u00e4ge zur Theologie\u201c). J\u00fcrgen Moltmann wurde am 8. April 1926 in Hamburg geboren. Er war mit der feministischen Theologin Elisabeth Moltmann-Wendel verheiratet, die 2016 starb. Er lehrte bis zur Emeritierung 1994 Systematische Theologie und Sozialethik zun\u00e4chst an der Kirchlichen Hochschule Wuppertal, sp\u00e4ter an den Evangelisch-Theologischen Fakult\u00e4ten in Bonn und T\u00fcbingen. Von 1963 bis 1983 war er Mitglied der Kommission f\u00fcr Glauben und Kirchenverfassung des \u00d6kumenischen Rates der Kirchen (\u00d6RK). Von 1977 bis 1993 amtierte er als Vorsitzender der Gesellschaft f\u00fcr Evangelische Theologie.<\/p>\n<p>Hannover, 4. Juni 2024<\/p>\n<p>Pressestelle der EKD<br \/>Annika Lukas<br \/>\u00a0<\/p>\n<\/div>\n","protected":false},"excerpt":{"rendered":"<p>04.06.2024 Pressemitteilung EKD trauert um verstorbenen Theologen J\u00fcrgen Moltmann Die amtierende Ratsvorsitzende der Evangelischen Kirche in Deutschland (EKD), Bisch\u00f6fin Kirsten<\/p>\n","protected":false},"author":2,"featured_media":6941,"comment_status":"closed","ping_status":"closed","sticky":false,"template":"","format":"standard","meta":{"footnotes":""},"categories":[20],"tags":[],"_links":{"self":[{"href":"https:\/\/krankenhauspfarramt.de\/index.php\/wp-json\/wp\/v2\/posts\/6940"}],"collection":[{"href":"https:\/\/krankenhauspfarramt.de\/index.php\/wp-json\/wp\/v2\/posts"}],"about":[{"href":"https:\/\/krankenhauspfarramt.de\/index.php\/wp-json\/wp\/v2\/types\/post"}],"author":[{"embeddable":true,"href":"https:\/\/krankenhauspfarramt.de\/index.php\/wp-json\/wp\/v2\/users\/2"}],"replies":[{"embeddable":true,"href":"https:\/\/krankenhauspfarramt.de\/index.php\/wp-json\/wp\/v2\/comments?post=6940"}],"version-history":[{"count":1,"href":"https:\/\/krankenhauspfarramt.de\/index.php\/wp-json\/wp\/v2\/posts\/6940\/revisions"}],"predecessor-version":[{"id":6942,"href":"https:\/\/krankenhauspfarramt.de\/index.php\/wp-json\/wp\/v2\/posts\/6940\/revisions\/6942"}],"wp:featuredmedia":[{"embeddable":true,"href":"https:\/\/krankenhauspfarramt.de\/index.php\/wp-json\/wp\/v2\/media\/6941"}],"wp:attachment":[{"href":"https:\/\/krankenhauspfarramt.de\/index.php\/wp-json\/wp\/v2\/media?parent=6940"}],"wp:term":[{"taxonomy":"category","embeddable":true,"href":"https:\/\/krankenhauspfarramt.de\/index.php\/wp-json\/wp\/v2\/categories?post=6940"},{"taxonomy":"post_tag","embeddable":true,"href":"https:\/\/krankenhauspfarramt.de\/index.php\/wp-json\/wp\/v2\/tags?post=6940"}],"curies":[{"name":"wp","href":"https:\/\/api.w.org\/{rel}","templated":true}]}}