{"id":697,"date":"2020-03-29T05:00:45","date_gmt":"2020-03-29T05:00:45","guid":{"rendered":"https:\/\/krankenhauspfarramt.de\/index.php\/2020\/03\/29\/27-03-2020-mit-leidenschaft-theologische-bildungsarbeit-betrieben\/"},"modified":"2020-04-06T15:58:29","modified_gmt":"2020-04-06T15:58:29","slug":"27-03-2020-mit-leidenschaft-theologische-bildungsarbeit-betrieben","status":"publish","type":"post","link":"https:\/\/krankenhauspfarramt.de\/index.php\/2020\/03\/29\/27-03-2020-mit-leidenschaft-theologische-bildungsarbeit-betrieben\/","title":{"rendered":"\u201eMit Leidenschaft theologische Bildungsarbeit betrieben\u201c"},"content":{"rendered":"<p>[vc_row][vc_column][vc_column_text text_larger=&#8220;no&#8220;]<\/p>\n<div id=\"c22791\">\n<header>\n<h3 class=\"b_is-headline\">\u201eMit Leidenschaft theologische Bildungsarbeit betrieben\u201c<\/h3>\n<h4>Oberkirchenrat i. R. Professor Dr. Hartmut Jetter wird 90<\/h4>\n<\/header>\n<p><strong>Stuttgart.<\/strong> Er war bis zu seinem Ruhestand 15 Jahre lang Theologischer Dezernent der Evangelischen Landeskirche in W\u00fcrttemberg und zuvor ebenfalls 15 Jahre lang theologischer Dozent beziehungsweise Professor f\u00fcr Religionsp\u00e4dagogik an der P\u00e4dagogischen Hochschule Schw\u00e4bisch Gm\u00fcnd: Am Montag, 30. M\u00e4rz, begeht Oberkirchenrat i. R. Dr. Hartmut Jetter in Stuttgart seinen 90. Geburtstag.<\/p>\n<p>\u201eMir geht es gesundheitlich nicht schlecht\u201c, sagt der auch geistig rege Jubilar, der zwischen 1980 und 1995 als Oberkirchenrat und Theologischer Dezernent der Kirchenleitung der w\u00fcrttembergischen Landeskirche angeh\u00f6rte. Zwar lassen die k\u00f6rperlichen Kr\u00e4fte nach eigenen Worten allm\u00e4hlich nach, \u201eaber ich gehe noch jeden Tag eine Stunde an die frische Luft\u201c. Auch die Entwicklungen in der Landeskirche begleite er nach wie vor mit gro\u00dfem Interesse, betont er.<\/p>\n<p>Landesbischof Dr. h. c. Frank Otfried July w\u00fcrdigt Jetters Verdienste um die Landeskirche: Er habe \u201ein seiner Dienstzeit als Theologischer Dezernent mit Leidenschaft theologische Bildungsarbeit f\u00fcr die Gemeinde betrieben\u201c. Und: \u201eDas Evangelium zu den Menschen zu bringen war f\u00fcr ihn eine Herausforderung in der t\u00e4glichen Gestaltungsarbeit im Oberkirchenrat und auf der Kanzel als Prediger.\u201c<\/p>\n<p>July erinnert auch an Jetters Wirken als Mitherausgeber und -verfasser des Evangelischen Erwachsenenkatechismus (EEK), um \u201etheologische Gedankeng\u00e4nge zu elementarisieren und in der Gemeindearbeit fruchtbar zu machen\u201c.<\/p>\n<p>Hartmut Jetter geh\u00f6rte dem Herausgeber-Gremium des 1975 erstmals erschienenen EEK seit 1969 bis in seinen Ruhestand hinein an. Die Mitarbeit an diesem \u201eKursbuch des Glaubens\u201c, das inzwischen in der neunten Auflage vorliegt, bezeichnet der Jubilar r\u00fcckblickend als \u201eeine meiner wichtigsten T\u00e4tigkeiten\u201c neben seinen beruflichen Stationen als Professor in Schw\u00e4bisch Gm\u00fcnd und Oberkirchenrat in Stuttgart.<\/p>\n<p>Der am 30. M\u00e4rz 1930 in Stuttgart geborene Theologe ist in Heilbronn aufgewachsen. Nach seinem Abitur hat er zun\u00e4chst eine Schreinerlehre absolviert, ehe er in T\u00fcbingen, Hamburg und Heidelberg Theologie studierte. Nach seinem Vikariat war Jetter als wissenschaftlicher Assistent an der Universit\u00e4t T\u00fcbingen sowie als Gemeindepfarrer in Schw\u00e4bisch Hall t\u00e4tig. Dort erreichte ihn 1965 der Ruf nach Schw\u00e4bisch Gm\u00fcnd.<\/p>\n<p>Die Theologen-Tradition in der Familie \u2013 Hartmut Jetters Vater war Prediger der Evangelischen Gemeinschaft \u2013 f\u00fchrt einer seiner acht Enkel fort: Benedikt Jetter ist Vikar in Gro\u00dfaspach (Rems-Murr-Kreis).<\/p>\n<p>Dem fr\u00fcheren Oberkirchenrat dankt Landesbischof July \u201eim Namen der Landeskirche auch an diesem besonderen Geburtstag von Herzen\u201c. Und er w\u00fcnsche \u201eGottes Segen und Geleit f\u00fcr die zuk\u00fcnftige Wegstrecke.\u201c Dabei zitiert July aus dem 1. Buch Mose: \u201eSiehe, ich bin bei dir\u2026\u201c<\/p>\n<p>Mit freundlichen Gr\u00fc\u00dfen<\/p>\n<p>Oliver Hoesch<br \/>\nSprecher\u00a0der Landeskirche<\/p>\n<\/div>\n<p>[\/vc_column_text][\/vc_column][\/vc_row]<\/p>\n","protected":false},"excerpt":{"rendered":"<p>[vc_row][vc_column][vc_column_text text_larger=&#8220;no&#8220;] \u201eMit Leidenschaft theologische Bildungsarbeit betrieben\u201c Oberkirchenrat i. R. Professor Dr. Hartmut Jetter wird 90 Stuttgart. Er war bis<\/p>\n","protected":false},"author":1,"featured_media":0,"comment_status":"closed","ping_status":"closed","sticky":false,"template":"","format":"standard","meta":{"footnotes":""},"categories":[21],"tags":[],"_links":{"self":[{"href":"https:\/\/krankenhauspfarramt.de\/index.php\/wp-json\/wp\/v2\/posts\/697"}],"collection":[{"href":"https:\/\/krankenhauspfarramt.de\/index.php\/wp-json\/wp\/v2\/posts"}],"about":[{"href":"https:\/\/krankenhauspfarramt.de\/index.php\/wp-json\/wp\/v2\/types\/post"}],"author":[{"embeddable":true,"href":"https:\/\/krankenhauspfarramt.de\/index.php\/wp-json\/wp\/v2\/users\/1"}],"replies":[{"embeddable":true,"href":"https:\/\/krankenhauspfarramt.de\/index.php\/wp-json\/wp\/v2\/comments?post=697"}],"version-history":[{"count":2,"href":"https:\/\/krankenhauspfarramt.de\/index.php\/wp-json\/wp\/v2\/posts\/697\/revisions"}],"predecessor-version":[{"id":704,"href":"https:\/\/krankenhauspfarramt.de\/index.php\/wp-json\/wp\/v2\/posts\/697\/revisions\/704"}],"wp:attachment":[{"href":"https:\/\/krankenhauspfarramt.de\/index.php\/wp-json\/wp\/v2\/media?parent=697"}],"wp:term":[{"taxonomy":"category","embeddable":true,"href":"https:\/\/krankenhauspfarramt.de\/index.php\/wp-json\/wp\/v2\/categories?post=697"},{"taxonomy":"post_tag","embeddable":true,"href":"https:\/\/krankenhauspfarramt.de\/index.php\/wp-json\/wp\/v2\/tags?post=697"}],"curies":[{"name":"wp","href":"https:\/\/api.w.org\/{rel}","templated":true}]}}