{"id":6979,"date":"2024-06-14T01:08:46","date_gmt":"2024-06-14T01:08:46","guid":{"rendered":"https:\/\/krankenhauspfarramt.de\/index.php\/2024\/06\/14\/christliche-haltung-in-den-gesellschaftlichen-diskurs-eintragen-ekd\/"},"modified":"2024-06-14T01:08:50","modified_gmt":"2024-06-14T01:08:50","slug":"christliche-haltung-in-den-gesellschaftlichen-diskurs-eintragen-ekd","status":"publish","type":"post","link":"https:\/\/krankenhauspfarramt.de\/index.php\/2024\/06\/14\/christliche-haltung-in-den-gesellschaftlichen-diskurs-eintragen-ekd\/","title":{"rendered":"christliche Haltung in den gesellschaftlichen Diskurs eintragen \u2013 EKD"},"content":{"rendered":"<p> <br \/>\n<\/p>\n<div id=\"\">\n<p>Ein neues Trainingsprogramm \u201eHerzensanliegen\u201c will Christinnen und Christen ermutigen, mehr \u00fcber den eigenen Glauben zu reden. Das Projekt soll Neugierige, Gruppen und Institutionen anregen, dem, was ihnen auf dem Herzen liegt, auf die Spur zu kommen \u2013\u00a0und Worte daf\u00fcr zu finden: auch und gerade f\u00fcr Glaubenserfahrungen.<\/p>\n<p>\u201eEs ist gar nicht so leicht, \u00fcber seinen Glauben zu reden \u2013\u00a0aber wenn man es macht, merkt man pl\u00f6tzlich, wie gut es tut\u201c, so Johannes Wischmeyer, Leiter der Abteilung kirchliche Handlungsfelder, der das Projekt von \u201emidi* der Zukunftswerkstatt von Kirche und Diakonie (www.mi-di.de)\u201c entwickeln lassen hat. \u201eJe besser Menschen das, was sie im Innersten bewegt, kommunizieren k\u00f6nnen, desto klarer k\u00f6nnen sie ihre Haltung, ihre Ideale und Hoffnungen auch in den gesellschaftlichen Diskurs einbringen\u201c, so Wischmeyer.<\/p>\n<p>Mit vielf\u00e4ltigen Materialien regt \u201eHerzensanliegen\u201c dazu an, die eigene Sprachf\u00e4higkeit zu entdecken. Unter anderem mit einem Film des Grimme-Preis-Tr\u00e4gers Martin Buchholz und des Videok\u00fcnstlers Parviz Mir-Ali, vielen praktischen \u00dcbungen, passender Musik und Ideen, die in Schule, Konfirmandenunterricht und Erwachsenenbildung eingesetzt werden k\u00f6nnen.<\/p>\n<p>Das Projekt kn\u00fcpft dabei auch an das Schwerpunkthema der vergangenen EKD-Synode \u201eSprach- und Handlungsf\u00e4higkeit im Glauben\u201c an. \u201e\u2018Ich glaube, darum rede ich\u2018 ist ein starkes Motto aus der Bibel. Wenn man von etwas \u00fcberzeugt und begeistert ist, dann will man andere daran teilhaben lassen\u201c, so die Pr\u00e4ses der Synode Anna-Nicole Heinrich. Das Projekt \u201eHerzensanliegen\u201c greife das Anliegen der Synode niedrigschwellig auf.<\/p>\n<\/div>\n<div id=\"\">\n<p>    \t    <!-- SRC:  --><\/p>\n<aside class=\"article--aside quintus teaser teaser__related rs_skip rs_preserve\">\n<div class=\"teaser--article teaser--content\">\n<figure class=\"teaser--image\">\n                                    <picture><source media=\"(max-width:935px)\" srcset=\"https:\/\/www.ekd.de\/ekd_de\/ds_img\/assets_1875_x\/teaser-1875-herzensanliegen_rdax_625x352_60.jpg 1x, https:\/\/www.ekd.de\/ekd_de\/ds_img\/assets_1875_x\/teaser-1875-herzensanliegen_rdax_1250x704_60.jpg 2x, https:\/\/www.ekd.de\/ekd_de\/ds_img\/assets_1875_x\/teaser-1875-herzensanliegen_rdax_60.jpg 3x\"><source media=\"(min-width:934px)\" srcset=\"https:\/\/www.ekd.de\/ekd_de\/ds_img\/assets_1875_x\/teaser-1875-herzensanliegen_rdax_360x203_70.jpg 1x, https:\/\/www.ekd.de\/ekd_de\/ds_img\/assets_1875_x\/teaser-1875-herzensanliegen_rdax_720x406_70.jpg 2x, https:\/\/www.ekd.de\/ekd_de\/ds_img\/assets_1875_x\/teaser-1875-herzensanliegen_rdax_1080x608_70.jpg 3x\"><\/source><\/source><\/picture><figcaption\/>\n                                <\/figure>\n<p class=\"quintus--text teaser--text\">HERZENSANLIEGEN ist ein unterhaltsames Trainingsprogramm zur Sprachf\u00e4higkeit im Glauben: Wie kann ich lernen und \u00fcben, \u00fcber meine \u201eHerzensanliegen\u201c zu sprechen?<\/p>\n<\/p><\/div>\n<\/aside>\n<div class=\"article--content\">\n<p>S\u00e4mtliche Materialen zu dem Programm sind online abrufbar unter\u00a0 Herzensanliegen \u2013 EKD.<\/p>\n<p>Hannover, 13. Juni 2024<\/p>\n<p>Pressestelle der EKD<br \/>Carsten Splitt<\/p>\n<\/p><\/div>\n<\/div>\n","protected":false},"excerpt":{"rendered":"<p>Ein neues Trainingsprogramm \u201eHerzensanliegen\u201c will Christinnen und Christen ermutigen, mehr \u00fcber den eigenen Glauben zu reden. Das Projekt soll Neugierige,<\/p>\n","protected":false},"author":2,"featured_media":6980,"comment_status":"closed","ping_status":"closed","sticky":false,"template":"","format":"standard","meta":{"footnotes":""},"categories":[20],"tags":[],"_links":{"self":[{"href":"https:\/\/krankenhauspfarramt.de\/index.php\/wp-json\/wp\/v2\/posts\/6979"}],"collection":[{"href":"https:\/\/krankenhauspfarramt.de\/index.php\/wp-json\/wp\/v2\/posts"}],"about":[{"href":"https:\/\/krankenhauspfarramt.de\/index.php\/wp-json\/wp\/v2\/types\/post"}],"author":[{"embeddable":true,"href":"https:\/\/krankenhauspfarramt.de\/index.php\/wp-json\/wp\/v2\/users\/2"}],"replies":[{"embeddable":true,"href":"https:\/\/krankenhauspfarramt.de\/index.php\/wp-json\/wp\/v2\/comments?post=6979"}],"version-history":[{"count":1,"href":"https:\/\/krankenhauspfarramt.de\/index.php\/wp-json\/wp\/v2\/posts\/6979\/revisions"}],"predecessor-version":[{"id":6981,"href":"https:\/\/krankenhauspfarramt.de\/index.php\/wp-json\/wp\/v2\/posts\/6979\/revisions\/6981"}],"wp:featuredmedia":[{"embeddable":true,"href":"https:\/\/krankenhauspfarramt.de\/index.php\/wp-json\/wp\/v2\/media\/6980"}],"wp:attachment":[{"href":"https:\/\/krankenhauspfarramt.de\/index.php\/wp-json\/wp\/v2\/media?parent=6979"}],"wp:term":[{"taxonomy":"category","embeddable":true,"href":"https:\/\/krankenhauspfarramt.de\/index.php\/wp-json\/wp\/v2\/categories?post=6979"},{"taxonomy":"post_tag","embeddable":true,"href":"https:\/\/krankenhauspfarramt.de\/index.php\/wp-json\/wp\/v2\/tags?post=6979"}],"curies":[{"name":"wp","href":"https:\/\/api.w.org\/{rel}","templated":true}]}}