{"id":698,"date":"2020-03-29T05:00:56","date_gmt":"2020-03-29T05:00:56","guid":{"rendered":"https:\/\/krankenhauspfarramt.de\/index.php\/2020\/03\/29\/glocken-rufen-zum-gemeinsamen-gebet\/"},"modified":"2020-04-06T15:58:23","modified_gmt":"2020-04-06T15:58:23","slug":"glocken-rufen-zum-gemeinsamen-gebet","status":"publish","type":"post","link":"https:\/\/krankenhauspfarramt.de\/index.php\/2020\/03\/29\/glocken-rufen-zum-gemeinsamen-gebet\/","title":{"rendered":"Glocken rufen zum gemeinsamen Gebet"},"content":{"rendered":"<p>[vc_row][vc_column][vc_column_text text_larger=&#8220;no&#8220;]<\/p>\n<div id=\"c22727\">\n<header>\n<h3 class=\"b_is-headline\">Corona: Glocken rufen zum gemeinsamen Gebet<\/h3>\n<h4>Landesbischof July: \u201eWir denken an die Kranken und alle, die f\u00fcr Unterst\u00fctzung und Hilfe sorgen\u201c<\/h4>\n<\/header>\n<p>Stuttgart. Die Evangelische Landeskirche in W\u00fcrttemberg l\u00e4dt dazu ein, gleichzeitig mit vielen anderen in Baden-W\u00fcrttemberg, sich t\u00e4glich um 19:30 Uhr Zeit f\u00fcr ein Gebet zu nehmen, um mit denen verbunden zu sein, die sich derzeit nicht im Gottesdienst treffen k\u00f6nnen. Zu diesem Gebet sollen die Kirchenglocken rufen.<\/p>\n<p>Landesbischof Dr. h. c. Frank Otfried July: \u201eDie Glocken sollen uns daran erinnern, dass wir unser Leben auch in diesen Krisentagen mit dem gro\u00dfen Horizont der Gegenwart Gottes sehen. Die Glocken rufen uns zur Andacht und F\u00fcrbitte. Wir denken an die kranken Menschen und alle, die im medizinisch-pflegerischen Bereich, im \u00f6ffentlichen Dienst, in den Familien und Nachbarschaften f\u00fcr Unterst\u00fctzung und Hilfe sorgen.\u201c<\/p>\n<p>Eine Kerze ins Fenster zu stellen, k\u00f6nne ebenfalls ein Zeichen des christlichen Miteinanders und der Solidarit\u00e4t mit den am Corona-Virus Erkrankten sowie den unter Quarant\u00e4ne stehenden Betroffenen sein, sagte July.<\/p>\n<p>In Baden-W\u00fcrttemberg ist das Glockenl\u00e4uten auch ein Signal der \u00d6kumene: Auch die Kirchengemeinden der Di\u00f6zese Rottenburg-Stuttgart sowie der Evangelischen Landeskirche in Baden sind von ihren Kirchenleitungen aufgerufen, jeweils um 19.30 Uhr ihre Gemeindeglieder zum Gebet einzuladen.<\/p>\n<p>Und noch eine Einladung steht \u2013 wer beide Einladungen miteinander verbindet, kann sich schon ab 19 Uhr musikalisch einstimmen: So ruft die Evangelische Kirche in Deutschland (EKD) dazu auf, t\u00e4glich um 19 Uhr gemeinsam \u201eDer Mond ist aufgegangen\u201c zu singen oder zu musizieren. Das k\u00f6nne auch auf dem eigenen Balkon und im Garten geschehen, so die EKD.<\/p>\n<p>Die Landeskirche macht auch unter den eingeschr\u00e4nkten \u201eCorona-Gegebenheiten\u201c reichhaltige Angebote: Gottesdienste im Fernsehen wie den am Samstag und Sonntag, 21. und 22. M\u00e4rz, jeweils um 11:00 Uhr bei Regio TV ausgestrahlten mit der Ulmer Pr\u00e4latin Gabriele Wulz sind auch weiterhin <strong>im Netz abzurufen<\/strong>. Au\u00dferdem wird es auch am kommenden Wochenende live im Internet gestreamte Gottes- und Kindergottesdienste geben.<\/p>\n<p>Ferner gibt es zahlreiche Initiativen der Nachbarschaftshilfe. Eine Zusammenstellung aus den Kirchengemeinden und -bezirken sowie Werken der w\u00fcrttembergischen Landeskirche und anderer Kirchen im deutschsprachigen Raum finden Sie auf der Sonderseite\u00a0<strong>Gemeindeleben online\u00a0<\/strong>auf der\u00a0<strong>Homepage der Landeskirche.\u00a0<\/strong>Au\u00dferdem finden Sie auf weiteren Sonderseiten\u00a0<strong>Tipps und Hinweise zum Corona-Virus<\/strong>\u00a0sowie\u00a0<strong>geistliche Texte zur Corona-Pandemie<\/strong>. Die Zusammenstellungen werden fortlaufend erg\u00e4nzt und aktualisiert.<\/p>\n<p>Mit freundlichen Gr\u00fc\u00dfen<\/p>\n<p>Oliver Hoesch<br \/>\nSprecher der Landeskirche<\/p>\n<\/div>\n<p>[\/vc_column_text][\/vc_column][\/vc_row]<\/p>\n","protected":false},"excerpt":{"rendered":"<p>[vc_row][vc_column][vc_column_text text_larger=&#8220;no&#8220;] Corona: Glocken rufen zum gemeinsamen Gebet Landesbischof July: \u201eWir denken an die Kranken und alle, die f\u00fcr Unterst\u00fctzung<\/p>\n","protected":false},"author":1,"featured_media":0,"comment_status":"closed","ping_status":"closed","sticky":false,"template":"","format":"standard","meta":{"footnotes":""},"categories":[21],"tags":[],"_links":{"self":[{"href":"https:\/\/krankenhauspfarramt.de\/index.php\/wp-json\/wp\/v2\/posts\/698"}],"collection":[{"href":"https:\/\/krankenhauspfarramt.de\/index.php\/wp-json\/wp\/v2\/posts"}],"about":[{"href":"https:\/\/krankenhauspfarramt.de\/index.php\/wp-json\/wp\/v2\/types\/post"}],"author":[{"embeddable":true,"href":"https:\/\/krankenhauspfarramt.de\/index.php\/wp-json\/wp\/v2\/users\/1"}],"replies":[{"embeddable":true,"href":"https:\/\/krankenhauspfarramt.de\/index.php\/wp-json\/wp\/v2\/comments?post=698"}],"version-history":[{"count":2,"href":"https:\/\/krankenhauspfarramt.de\/index.php\/wp-json\/wp\/v2\/posts\/698\/revisions"}],"predecessor-version":[{"id":701,"href":"https:\/\/krankenhauspfarramt.de\/index.php\/wp-json\/wp\/v2\/posts\/698\/revisions\/701"}],"wp:attachment":[{"href":"https:\/\/krankenhauspfarramt.de\/index.php\/wp-json\/wp\/v2\/media?parent=698"}],"wp:term":[{"taxonomy":"category","embeddable":true,"href":"https:\/\/krankenhauspfarramt.de\/index.php\/wp-json\/wp\/v2\/categories?post=698"},{"taxonomy":"post_tag","embeddable":true,"href":"https:\/\/krankenhauspfarramt.de\/index.php\/wp-json\/wp\/v2\/tags?post=698"}],"curies":[{"name":"wp","href":"https:\/\/api.w.org\/{rel}","templated":true}]}}