{"id":7014,"date":"2024-06-26T17:58:58","date_gmt":"2024-06-26T17:58:58","guid":{"rendered":"https:\/\/krankenhauspfarramt.de\/index.php\/2024\/06\/26\/bischoefin-fehrs-wirbt-fuer-ein-neues-wir-ekd\/"},"modified":"2024-06-26T17:59:01","modified_gmt":"2024-06-26T17:59:01","slug":"bischoefin-fehrs-wirbt-fuer-ein-neues-wir-ekd","status":"publish","type":"post","link":"https:\/\/krankenhauspfarramt.de\/index.php\/2024\/06\/26\/bischoefin-fehrs-wirbt-fuer-ein-neues-wir-ekd\/","title":{"rendered":"Bisch\u00f6fin Fehrs wirbt f\u00fcr ein \u201eneues Wir\u201c \u2013 EKD"},"content":{"rendered":"<p> <br \/>\n<\/p>\n<div id=\"\">\n<div class=\"article--meta article--meta__border clearfix\">\n<p>                                    <time datetime=\"26.06.2024 18:00\" class=\"article--time\">26.06.2024<\/time><\/p>\n<p>                                     <strong class=\"article--type primus--overline\">Pressemitteilung<\/strong><\/p>\n<picture class=\"article--source-image image\"><source srcset=\"https:\/\/www.ekd.de\/ekd_de\/ds_img\/assets\/20170622_ekd-Quellenlogo_141_rdax_423x118.png\"><!--<source srcset=\"\/ekd_de\/ds_img\/assets\/20170622_ekd-Quellenlogo_141_rdax_141x39.png 1x, \/ekd_de\/ds_img\/assets\/20170622_ekd-Quellenlogo_141_rdax_282x78.png 2x, https:\/\/www.ekd.de\/ekd_de\/ds_img\/assets\/20170622_ekd-Quellenlogo_141_rdax_423x118.png 3x\">--><\/p>\n<p>    <\/source><\/picture>\n<\/p><\/div>\n<h2 class=\"article--sub-headline primus--sub-headline\">Johannisrede der amtierenden Ratsvorsitzenden: \u201eDen demokratischen Diskurs nicht aufgeben\u201c<\/h2>\n<\/p><\/div>\n<div id=\"\">\n<p>F\u00fcr ein \u201eneues Wir\u201c hat die amtierende Ratsvorsitzende der Evangelischen Kirche in Deutschland (EKD), Bisch\u00f6fin Kirsten Fehrs, in ihrer Rede anl\u00e4sslich des Johannisempfangs der EKD in der Franz\u00f6sischen Friedrichstadtkirche in Berlin geworben. Dazu geh\u00f6re das aufeinander H\u00f6ren genauso wie der kontroverse Diskurs: \u201eWenn wir Hass und Hetze den Boden entziehen wollen, m\u00fcssen wir mehr voneinander verstehen.\u201c Eine gute, lebendige, demokratische Kultur lebe davon, f\u00fcr die Probleme eine Sprache zu finden und die Dinge beim Namen zu nennen. Sie lebe davon, in ernsthafte Auseinandersetzung zu gehen \u2013 und dabei den guten Ton zu wahren. Das gelte in der Kirche wie in der Politik, konstatierte die amtierende Ratsvorsitzende.<\/p>\n<p>Zur Wahrhaftigkeit geh\u00f6re es dabei, Konflikte klar zu benennen. Dazu z\u00e4hle auch ein klares Nein zu antisemitischen und rassistischen Positionen. \u201eEine Ideologie der v\u00f6lkischen \u00dcberlegenheit ist mit christlicher Haltung nicht vereinbar. Das ist so und das bleibt so. Auch weil diese Parteien mit Hassrede und Fake News ganz gezielt den demokratischen Diskurs zerst\u00f6ren\u201c, so Fehrs.<\/p>\n<p>Weil es f\u00fcr die tiefgreifenden Problemlagen, die wie ein gordischer Knoten unl\u00f6sbar scheinen, keine einfachen L\u00f6sungen geben kann, gerade deswegen gelte, den demokratischen Diskurs nicht aufzugeben. Beispielhaft daf\u00fcr sei die von Diakonie und EKD ins Leben gerufene Initiative #Verst\u00e4ndigungsOrte. \u201eWenn etwas jetzt gebraucht wird, dann eine Offensive zum Dialog: R\u00e4ume, in denen verschiedenste Menschen unterschiedlichste Meinungen teilen, Reden schwingen, Ohren bet\u00e4uben, Streit aushalten \u2013 und, so Gott will, kilometerweite Entfernung \u00fcberwinden\u201c, sagte die amtierende Ratsvorsitzende.<\/p>\n<p>Vor mehreren hundert G\u00e4sten aus Politik, Gesellschaft und Kirche, darunter auch der Pr\u00e4sident des Bundesverfassungsgerichts, Stephan Harbarth, hob Bisch\u00f6fin Fehrs insbesondere die Bedeutung der Grundrechte hervor. Es gehe um tragf\u00e4hige Formen des Zusammenlebens, in denen das Individuum auch in anspruchsvollen Lebenssituationen nicht unter die R\u00e4der kommt. F\u00fcr die Kirche z\u00e4hle sowohl die Religionsfreiheit ebenso dazu wie das Grundrecht auf Asyl, das derzeit enorm unter Druck stehe. Das Kirchenasyl als Zuflucht f\u00fcr Menschen, deren Asylantrag in Deutschland abgelehnt wurde, bleibe dabei ein wichtiges Instrument: \u201eMit gro\u00dfer Sorge sehe ich, dass dieses Kirchenasyl mancherorts nicht mehr respektiert wird. Wir wissen, dass es politisch umstritten ist. Genauso wissen wir aber auch, dass dieses Instrument zum gesellschaftlichen Frieden beitr\u00e4gt. Es gibt den schw\u00e4chsten Gliedern der Gesellschaft eine Chance, dass ihr Anliegen gepr\u00fcft wird. Kirchenasyl ist nicht Teil des Problems, sondern Teil der L\u00f6sung. Daher mein dringender Appell an dieser Stelle: Lasst uns \u00fcber die Diskussion um den Schutz der Grenzen den Schutz der gefl\u00fcchteten Menschen nicht vergessen!\u201c<\/p>\n<p>Bisch\u00f6fin Fehrs ging in ihrer Rede auch auf die ForuM-Studie ein. Die Studie zur Aufarbeitung von sexualisierter Gewalt in der evangelischen Kirche und Diakonie habe dem Selbstbild, eine allerorten harmonische, geschwisterliche, demokratische Gemeinschaft zu sein, die Schw\u00e4cheren Schutz gew\u00e4hre, verst\u00f6rende Risse beigef\u00fcgt. \u201eNachhaltig verst\u00f6rend, hoffe ich. Denn auf den 800 Seiten, in denen viele betroffene Menschen ihre Erfahrungen darlegen und als Co-Forschende evangelische Strukturen reflektieren, sehen wir uns Seite f\u00fcr Seite einem eklatanten Versagen gegen\u00fcber, das weder zu besch\u00f6nigen ist noch Anlass gibt, zur Tagesordnung \u00fcberzugehen\u201c, so die amtierende Ratsvorsitzende. Im Beteiligungsforum, in dem Betroffenenvertreter*innen und kirchliche Vertreter*innen arbeiten, werde nun mit klaren Rollen gemeinsam um die notwendigen Ver\u00e4nderungen gerungen. \u201eIm Ton respektvoll-freundlich, aber in der Sache klar, so arbeiten wir hart am Detail. Wir stemmen uns dem evangelischen Versagen und der Amoralit\u00e4t entgegen.\u201c An der Festveranstaltung nahmen auch Betroffenenvertreter*innen sowie die Unabh\u00e4ngige Beauftragte f\u00fcr Fragen des sexuellen Kindesmissbrauchs, Kerstin Claus, teil.<\/p>\n<p>Besondere Aufmerksamkeit lag beim diesj\u00e4hrigen Johannisempfang aus Anlass des 500-j\u00e4hrigen Jubil\u00e4ums des Evangelischen Gesangbuches auf der Musik. Gestaltet wurde das Festprogramm, zu dem Pr\u00e4latin Anne Gidion eingeladen hatte, durch Kirchenmusikdirektor Kilian Nauhaus sowie den Staats- und Domchor Berlin unter der Leitung von Professor Kai-Uwe Jirka.<\/p>\n<p>Hannover\/Berlin, 26. Juni 2024<\/p>\n<p>Pressestelle der EKD<br \/>Carsten Splitt<\/p>\n<p><em>Hinweise f\u00fcr die Redaktionen:<\/em><\/p>\n<p>Die Johannisrede der EKD-Ratsvorsitzenden und das Gru\u00dfwort des Pr\u00e4sidenten des Bundesverfassungsgerichts, Stephan Harbarth, werden im Internet live ab 18 Uhr \u00fcbertragen unter www.ekd.de\/Johannisempfang.<\/p>\n<p>Informationen zu #Verst\u00e4ndigungsOrte finden Sie unter www.mi-di.de\/verstaendigungsorte.<\/p>\n<\/div>\n","protected":false},"excerpt":{"rendered":"<p>26.06.2024 Pressemitteilung Johannisrede der amtierenden Ratsvorsitzenden: \u201eDen demokratischen Diskurs nicht aufgeben\u201c F\u00fcr ein \u201eneues Wir\u201c hat die amtierende Ratsvorsitzende der<\/p>\n","protected":false},"author":2,"featured_media":7015,"comment_status":"closed","ping_status":"closed","sticky":false,"template":"","format":"standard","meta":{"footnotes":""},"categories":[20],"tags":[],"_links":{"self":[{"href":"https:\/\/krankenhauspfarramt.de\/index.php\/wp-json\/wp\/v2\/posts\/7014"}],"collection":[{"href":"https:\/\/krankenhauspfarramt.de\/index.php\/wp-json\/wp\/v2\/posts"}],"about":[{"href":"https:\/\/krankenhauspfarramt.de\/index.php\/wp-json\/wp\/v2\/types\/post"}],"author":[{"embeddable":true,"href":"https:\/\/krankenhauspfarramt.de\/index.php\/wp-json\/wp\/v2\/users\/2"}],"replies":[{"embeddable":true,"href":"https:\/\/krankenhauspfarramt.de\/index.php\/wp-json\/wp\/v2\/comments?post=7014"}],"version-history":[{"count":1,"href":"https:\/\/krankenhauspfarramt.de\/index.php\/wp-json\/wp\/v2\/posts\/7014\/revisions"}],"predecessor-version":[{"id":7016,"href":"https:\/\/krankenhauspfarramt.de\/index.php\/wp-json\/wp\/v2\/posts\/7014\/revisions\/7016"}],"wp:featuredmedia":[{"embeddable":true,"href":"https:\/\/krankenhauspfarramt.de\/index.php\/wp-json\/wp\/v2\/media\/7015"}],"wp:attachment":[{"href":"https:\/\/krankenhauspfarramt.de\/index.php\/wp-json\/wp\/v2\/media?parent=7014"}],"wp:term":[{"taxonomy":"category","embeddable":true,"href":"https:\/\/krankenhauspfarramt.de\/index.php\/wp-json\/wp\/v2\/categories?post=7014"},{"taxonomy":"post_tag","embeddable":true,"href":"https:\/\/krankenhauspfarramt.de\/index.php\/wp-json\/wp\/v2\/tags?post=7014"}],"curies":[{"name":"wp","href":"https:\/\/api.w.org\/{rel}","templated":true}]}}