{"id":7036,"date":"2024-06-28T00:42:36","date_gmt":"2024-06-28T00:42:36","guid":{"rendered":"https:\/\/krankenhauspfarramt.de\/index.php\/2024\/06\/28\/zentrum-des-lutherischen-weltbundes-verabschiedet-direktorin-ekd\/"},"modified":"2024-06-28T00:42:40","modified_gmt":"2024-06-28T00:42:40","slug":"zentrum-des-lutherischen-weltbundes-verabschiedet-direktorin-ekd","status":"publish","type":"post","link":"https:\/\/krankenhauspfarramt.de\/index.php\/2024\/06\/28\/zentrum-des-lutherischen-weltbundes-verabschiedet-direktorin-ekd\/","title":{"rendered":"Zentrum des Lutherischen Weltbundes verabschiedet Direktorin \u2013 EKD"},"content":{"rendered":"<p> <br \/>\n<\/p>\n<div>\n<p>Wittenberg, Hannover (epd). Mit einem Festgottesdienst wird am Samstag die Direktorin des Zentrums des Lutherischen Weltbundes (LWB) in Wittenberg, Inken W\u00f6hlbrand, aus ihrem Amt verabschiedet. Wie das Deutsche Nationalkomitee des LWB am Mittwoch in Hannover mitteilte, wird sie in den Pfarrdienst der Evangelisch-Lutherischen Kirche in Norddeutschland zur\u00fcckkehren. W\u00f6hlbrand hatte das Amt in Wittenberg seit Oktober 2018 inne. Die Theologin Anna Krau\u00df wird am 1. September ihre Nachfolge als Direktorin des Zentrums antreten.<\/p>\n<\/p><\/div>\n<div id=\"\">\n<p>Die Vorsitzende des Deutschen LWB-Nationalkomitees, Landesbisch\u00f6fin Kristina K\u00fchnbaum-Schmidt, erkl\u00e4rte, W\u00f6hlbrand habe mit Kreativit\u00e4t und Hoffnungskraft vielen Menschen aus der lutherischen Weltgemeinschaft erm\u00f6glicht, miteinander im Austausch \u00fcber lutherische Identit\u00e4t zu sein. Auch in den Jahren der Corona-Pandemie habe W\u00f6hlbrand die Begegnungen zwischen Personen und Regionen des Weltbundes in neuen Formaten erm\u00f6glicht und gestaltet.<\/p>\n<p>Das 2009 gegr\u00fcndete LWB-Zentrum in Wittenberg organisiert nach eigenen Angaben internationale Fortbildungen, Tagungen und Seminare f\u00fcr Menschen aus den 150 Mitgliedskirchen des LWB. Das Zentrum ist demnach Ansprechpartner f\u00fcr Besuchergruppen aus aller Welt und verantwortet das \u00f6kumenische Projekt Luthergarten.<\/p>\n<p>W\u00f6hlbrand betonte, im Mittelpunkt des LWB-Zentrums stehe das Lernen von- und miteinander. In den Seminaren k\u00e4men Menschen aus aller Welt zusammen. Sie vermittelten nicht nur theologisches Wissen, sondern lie\u00dfen die Gemeinschaft des Lutherischen Weltbundes konkret werden, betonte die scheidende Direktorin.<\/p>\n<p>Der Festgottesdienst beginnt am Samstag, 29. Juni, um 16 Uhr in der Stadtkirche St. Marien in Wittenberg. Er wird von Landesbisch\u00f6fin Kristina K\u00fchnbaum-Schmidt gefeiert.<\/p>\n<\/div>\n","protected":false},"excerpt":{"rendered":"<p>Wittenberg, Hannover (epd). Mit einem Festgottesdienst wird am Samstag die Direktorin des Zentrums des Lutherischen Weltbundes (LWB) in Wittenberg, Inken<\/p>\n","protected":false},"author":2,"featured_media":7037,"comment_status":"closed","ping_status":"closed","sticky":false,"template":"","format":"standard","meta":{"footnotes":""},"categories":[20],"tags":[],"_links":{"self":[{"href":"https:\/\/krankenhauspfarramt.de\/index.php\/wp-json\/wp\/v2\/posts\/7036"}],"collection":[{"href":"https:\/\/krankenhauspfarramt.de\/index.php\/wp-json\/wp\/v2\/posts"}],"about":[{"href":"https:\/\/krankenhauspfarramt.de\/index.php\/wp-json\/wp\/v2\/types\/post"}],"author":[{"embeddable":true,"href":"https:\/\/krankenhauspfarramt.de\/index.php\/wp-json\/wp\/v2\/users\/2"}],"replies":[{"embeddable":true,"href":"https:\/\/krankenhauspfarramt.de\/index.php\/wp-json\/wp\/v2\/comments?post=7036"}],"version-history":[{"count":1,"href":"https:\/\/krankenhauspfarramt.de\/index.php\/wp-json\/wp\/v2\/posts\/7036\/revisions"}],"predecessor-version":[{"id":7038,"href":"https:\/\/krankenhauspfarramt.de\/index.php\/wp-json\/wp\/v2\/posts\/7036\/revisions\/7038"}],"wp:featuredmedia":[{"embeddable":true,"href":"https:\/\/krankenhauspfarramt.de\/index.php\/wp-json\/wp\/v2\/media\/7037"}],"wp:attachment":[{"href":"https:\/\/krankenhauspfarramt.de\/index.php\/wp-json\/wp\/v2\/media?parent=7036"}],"wp:term":[{"taxonomy":"category","embeddable":true,"href":"https:\/\/krankenhauspfarramt.de\/index.php\/wp-json\/wp\/v2\/categories?post=7036"},{"taxonomy":"post_tag","embeddable":true,"href":"https:\/\/krankenhauspfarramt.de\/index.php\/wp-json\/wp\/v2\/tags?post=7036"}],"curies":[{"name":"wp","href":"https:\/\/api.w.org\/{rel}","templated":true}]}}