{"id":7057,"date":"2024-07-05T13:28:22","date_gmt":"2024-07-05T13:28:22","guid":{"rendered":"https:\/\/krankenhauspfarramt.de\/index.php\/2024\/07\/05\/missstaende-mit-haenden-zu-greifen-ekd\/"},"modified":"2024-07-05T13:28:25","modified_gmt":"2024-07-05T13:28:25","slug":"missstaende-mit-haenden-zu-greifen-ekd","status":"publish","type":"post","link":"https:\/\/krankenhauspfarramt.de\/index.php\/2024\/07\/05\/missstaende-mit-haenden-zu-greifen-ekd\/","title":{"rendered":"\u201eMissst\u00e4nde mit H\u00e4nden zu greifen\u201c \u2013 EKD"},"content":{"rendered":"<p> <br \/>\n<\/p>\n<div id=\"\">\n<div class=\"article--meta article--meta__border clearfix\">\n<p>                                    <time datetime=\"05.07.2024 12:20\" class=\"article--time\">05.07.2024<\/time><\/p>\n<p>                                     <strong class=\"article--type primus--overline\">Pressemitteilung<\/strong><\/p>\n<picture class=\"article--source-image image\"><source srcset=\"https:\/\/www.ekd.de\/ekd_de\/ds_img\/assets\/20170622_ekd-Quellenlogo_141_rdax_423x118.png\"><!--<source srcset=\"\/ekd_de\/ds_img\/assets\/20170622_ekd-Quellenlogo_141_rdax_141x39.png 1x, \/ekd_de\/ds_img\/assets\/20170622_ekd-Quellenlogo_141_rdax_282x78.png 2x, https:\/\/www.ekd.de\/ekd_de\/ds_img\/assets\/20170622_ekd-Quellenlogo_141_rdax_423x118.png 3x\">--><\/p>\n<p>    <\/source><\/picture>\n<\/p><\/div>\n<h2 class=\"article--sub-headline primus--sub-headline\">Nach Gespr\u00e4chen auf Kos und in Athen: Synoden-Delegation besorgt \u00fcber Umgang mit Gefl\u00fcchteten in EU-Aufnahmeeinrichtung<\/h2>\n<\/p><\/div>\n<div id=\"\">\n<p>\u201eDie aktuelle Abschottungs- und Abschreckungspolitik an der EU-Au\u00dfengrenze in Griechenland f\u00fchrt zunehmend zu einer Beeintr\u00e4chtigung der Menschenrechte von Gefl\u00fcchteten. Die Missst\u00e4nde sind mit H\u00e4nden zu greifen.\u201c Diese Bilanz zieht die Pr\u00e4ses der Synode der Evangelischen Kirche in Deutschland (EKD), Anna-Nicole Heinrich, nach einer viert\u00e4gigen Delegations-Reise an die EU-Au\u00dfengrenze in Griechenland. Anlass der Reise waren nicht zuletzt aktuelle Berichte \u00fcber schwerste Menschenrechtsverletzungen in der \u00c4g\u00e4is und der daraus resultierende Wunsch des Pr\u00e4sidiums mit allen Akteuren zu sprechen. \u201eAls Christinnen und Christen ist es unsere Aufgabe, Menschlichkeit und das Wissen darum, dass alle Menschen vor Gott gleich sind, immer wieder an erste Stelle zu setzen und davon auch nicht abzur\u00fccken\u201c, so Heinrich.<\/p>\n<p>Vor der bedr\u00fcckenden Realit\u00e4t k\u00f6nne man aber nicht die Augen verschlie\u00dfen: \u201eDie von der Europ\u00e4ischen Union errichtete geschlossene Aufnahmeeinrichtung f\u00fcr Gefl\u00fcchtete CCAC (Closed Controlled Access Center) auf Kos schafft f\u00fcr die Asylsuchenden gef\u00e4ngnisartige Bedingungen, deren Regeln wenig transparent sind\u201c, so Heinrich. In Gespr\u00e4chen mit der griechischen Asylbeh\u00f6rde, der Leitung des CCAC in Kos sowie mit Vertreter:innen der deutschen Botschaft in Athen habe sich ein Gesamtbild ergeben, das ma\u00dfgeblich von einer Verantwortungsdiffusion gepr\u00e4gt sei, die fatale Folgen habe, so Heinrich. \u201eJeder blickt aus der eigenen Perspektive auf seinen Bereich, aber kaum einer auf das Wohl der Gefl\u00fcchteten. Wie sonst ist es zu erkl\u00e4ren, dass es in einem f\u00fcr 2500 Menschen errichteten Camp bei br\u00fctender Hitze nicht einmal Sonnensegel gibt, geschweige denn \u00e4rztliches Personal f\u00fcr die eigens errichtete Krankenstation.\u201c<\/p>\n<p>Verst\u00f6rend sei auf Kos aber auch das harte Nebeneinander von touristischer Hauptsaison und menschlichem Leid gewesen. \u201eEs ist f\u00fcr mich ein Ausdruck dessen, was insgesamt in Europa der Fall ist: Die Not der Gefl\u00fcchteten wird systematisch unsichtbar gemacht und technokratisch wegorganisiert. Dort wo sie augenscheinlich ist, schauen wir als Gesellschaft nicht konsequent hin\u201c, so Pr\u00e4ses Heinrich.<\/p>\n<p>F\u00fcr Pr\u00e4sidiumsmitglied Uwe Becker diente die Reise dazu, \u201eeine reale Anschauung zu gewinnen, von dem was wir ahnen. Und was ich geahnt habe, gerinnt hier zu einer erschreckenden Gewissheit: Menschen werden sinnlos kaserniert, monatelang im Asylverfahren gehalten und letztendlich zur Reise in den Norden entlassen. Die unn\u00f6tige und kostenintensive Produktion von Sinnlosigkeit und Depression zeigt die Absurdit\u00e4t des europ\u00e4ischen fl\u00fcchtlingspolitischen Systems\u201c, so Becker, der Pr\u00e4sident der Evangelischen Hochschule Darmstadt ist.<\/p>\n<p>\u201eBesonders das Schicksal der Kinder im Lager ber\u00fchrt mich\u201c, erg\u00e4nzt Gabriele Hoerschelmann, Direktorin des bayerischen Partnerschafts- und Entwicklungszentrums \u201eMission EineWelt\u201c. \u201eSchon am Strand fanden wir Kinderkleidung in unmittelbarer N\u00e4he der zerrissenen Schlauchboote. Im Lager selbst gibt es f\u00fcr die Kinder nichts, was ihre Situation etwas verbessern k\u00f6nnte\u201c, so das Pr\u00e4sidiumsmitglied. Das Lager auf Kos, das in Gluthitze in der Mitte der Insel liegt, habe sie als ein \u201ein Beton gegossenes Monument der Abschreckung empfunden\u201c. Die Einrichtung solle die Botschaft vermitteln, \u201ewir haben die Migration im Griff\u201d.<\/p>\n<p>Hoffnung machte den Teilnehmenden das Engagement von Hilfsorganisationen und -projekten auf Kos und in Athen. In Gespr\u00e4chen mit dem UNHCR und zahlreichen Initiativen, wie etwa Kostenlos-L\u00e4den und Rechtsberatung f\u00fcr Gefl\u00fcchtete sei die Notlage der Gefl\u00fcchteten zwar noch deutlicher geworden. \u201eWir haben aber auch gesehen, dass selbst kleine Verbesserungen f\u00fcr Gefl\u00fcchtete eine gro\u00dfe Hilfe sein k\u00f6nnen\u201c, so Heinrich.<\/p>\n<p>Erm\u00f6glicht und vorbereitet wurden die Gespr\u00e4che von der deutsch-griechischen Organisation \u201eEqual Rights Beyond Borders\u201c, die Gefl\u00fcchteten bei Anerkennungs- und Rechtsverfahren kostenlos juristisch zur Seite stehen.<\/p>\n<p>Im November wird die Synode der EKD \u00fcber das Schwerpunktthema \u201eMigration, Flucht und Menschenrechte\u201c beraten. Ein zentraler Aspekt der synodalen Befassung wird die zunehmende Normalisierung von Gewalt und Rechtlosigkeit an den EU-Au\u00dfengrenzen sein.<\/p>\n<p>Weitere Informationen unter www.ekd.de\/grenzerfahrungen<\/p>\n<p>Bildpool mit Bild- und Bewegtbildmaterial unter https:\/\/kirchencloud.ekd.de\/index.php\/s\/jAsIsoL7vnILD3aBitte beachten Sie das Copyright EKD\/MCK.<\/p>\n<p>Hannover, 5. Juli 2024<\/p>\n<p>Pressestelle der EKD<br \/>Carsten Splitt<\/p>\n<\/div>\n","protected":false},"excerpt":{"rendered":"<p>05.07.2024 Pressemitteilung Nach Gespr\u00e4chen auf Kos und in Athen: Synoden-Delegation besorgt \u00fcber Umgang mit Gefl\u00fcchteten in EU-Aufnahmeeinrichtung \u201eDie aktuelle Abschottungs-<\/p>\n","protected":false},"author":2,"featured_media":7058,"comment_status":"closed","ping_status":"closed","sticky":false,"template":"","format":"standard","meta":{"footnotes":""},"categories":[20],"tags":[],"_links":{"self":[{"href":"https:\/\/krankenhauspfarramt.de\/index.php\/wp-json\/wp\/v2\/posts\/7057"}],"collection":[{"href":"https:\/\/krankenhauspfarramt.de\/index.php\/wp-json\/wp\/v2\/posts"}],"about":[{"href":"https:\/\/krankenhauspfarramt.de\/index.php\/wp-json\/wp\/v2\/types\/post"}],"author":[{"embeddable":true,"href":"https:\/\/krankenhauspfarramt.de\/index.php\/wp-json\/wp\/v2\/users\/2"}],"replies":[{"embeddable":true,"href":"https:\/\/krankenhauspfarramt.de\/index.php\/wp-json\/wp\/v2\/comments?post=7057"}],"version-history":[{"count":1,"href":"https:\/\/krankenhauspfarramt.de\/index.php\/wp-json\/wp\/v2\/posts\/7057\/revisions"}],"predecessor-version":[{"id":7059,"href":"https:\/\/krankenhauspfarramt.de\/index.php\/wp-json\/wp\/v2\/posts\/7057\/revisions\/7059"}],"wp:featuredmedia":[{"embeddable":true,"href":"https:\/\/krankenhauspfarramt.de\/index.php\/wp-json\/wp\/v2\/media\/7058"}],"wp:attachment":[{"href":"https:\/\/krankenhauspfarramt.de\/index.php\/wp-json\/wp\/v2\/media?parent=7057"}],"wp:term":[{"taxonomy":"category","embeddable":true,"href":"https:\/\/krankenhauspfarramt.de\/index.php\/wp-json\/wp\/v2\/categories?post=7057"},{"taxonomy":"post_tag","embeddable":true,"href":"https:\/\/krankenhauspfarramt.de\/index.php\/wp-json\/wp\/v2\/tags?post=7057"}],"curies":[{"name":"wp","href":"https:\/\/api.w.org\/{rel}","templated":true}]}}