{"id":7080,"date":"2024-07-23T17:59:18","date_gmt":"2024-07-23T17:59:18","guid":{"rendered":"https:\/\/krankenhauspfarramt.de\/index.php\/2024\/07\/23\/kirchenleute-koennen-non-binaer-offensiv-weiblich-oder-maennlich-sein-ekd\/"},"modified":"2024-07-23T17:59:21","modified_gmt":"2024-07-23T17:59:21","slug":"kirchenleute-koennen-non-binaer-offensiv-weiblich-oder-maennlich-sein-ekd","status":"publish","type":"post","link":"https:\/\/krankenhauspfarramt.de\/index.php\/2024\/07\/23\/kirchenleute-koennen-non-binaer-offensiv-weiblich-oder-maennlich-sein-ekd\/","title":{"rendered":"&#8222;Kirchenleute k\u00f6nnen non-bin\u00e4r, offensiv weiblich oder m\u00e4nnlich sein&#8220; \u2013 EKD"},"content":{"rendered":"<p> <br \/>\n<\/p>\n<div>\n<p>Fulda\/Karlsruhe (epd). Ob mit rotem Lippenstift, Rollstuhl oder Bart &#8211; die Karlsruher Theologin Anne Helene Kratzert wirbt f\u00fcr ein vielf\u00e4ltiges Pfarrerbild. \u201eMeine Idealvorstellung ist, dass wir alles sein k\u00f6nnen &#8211; jung oder alt, verschiedene Hautfarben oder Beeintr\u00e4chtigungen haben, transgender sein, non-bin\u00e4r, offensiv weiblich oder klassisch m\u00e4nnlich einen Vollbart tragen\u201c, sagte Kratzert im Gespr\u00e4ch mit dem Evangelischen Pressedienst (epd).<\/p>\n<p>Das Thema Diversit\u00e4t besch\u00e4ftige sie als Privatperson. Auch in ihrem neuen Amt als Kirchentagspastorin, das sie Anfang Mai antrat, will sie den Fokus auf Diversit\u00e4t im Christentum lenken. Der n\u00e4chste Deutsche Evangelische Kirchentag, dessen geistlich-liturgisches Programm sie verantwortet, findet vom 30. April bis 4. Mai 2025 in Hannover statt.<br \/>\u00a0<\/p>\n<\/p><\/div>\n<div id=\"\">\n<p>Sie w\u00fcrde sich freuen, wenn es beim Kirchentag gelingt, zu zeigen, wie divers Christen in Deutschland und im deutschsprachigen Raum sind. \u201eWir sollten unsere jeweiligen Blasen aufstechen und mit anderen in ein gutes Gespr\u00e4ch kommen\u201c, sagte sie. Dabei m\u00fcsse man auch nicht so \u201esuperkonsensorientiert\u201c sein. \u201eWir k\u00f6nnten einfach zuh\u00f6ren, auch mal Dissense stehen lassen\u201c, betont die Theologin. Das geh\u00f6re zu einer offenen Gesellschaft dazu.<\/p>\n<p>Die Theologin betont, dass die Gesellschaft inzwischen schon ein St\u00fcck des Weges geschafft habe. Nach ihrem letzten ZDF-Gottesdienst am Ostersonntag in diesem Jahr habe beispielsweise ein \u00e4lterer Pfarrer angerufen und gesagt: \u201eFr\u00fcher h\u00e4tte er sich \u00fcber meinen Lippenstift aufgeregt, heute denke er sich, &#8218;warum nicht?&#8217;\u201c<\/p>\n<p>Kratzert erkl\u00e4rt: \u201eWir d\u00fcrfen auch nicht so tun, als h\u00e4tte es mit Attraktivit\u00e4t verbundene Dinge in der Kirche noch nie gegeben.\u201c Die Pfarrer, die fr\u00fcher auf der Kanzel eine Zigarre rauchten, h\u00e4tten damit auch eine Botschaft versandt. \u201eSie haben dar\u00fcber nur nicht geredet, keine Rechenschaft abgelegt\u201c, so die Theologin. \u201eWir fangen erst an, auch durch die Forum-Studie, \u00fcber Macht im Pfarrbereich wirklich zu reflektieren.\u201c Ende Januar hatte ein unabh\u00e4ngiges Forschungsteam die ForuM-Studie \u00fcber sexualisierte Gewalt im Raum der evangelischen Kirche und der Diakonie vorgestellt.<br \/>\u00a0<\/p>\n<\/div>\n","protected":false},"excerpt":{"rendered":"<p>Fulda\/Karlsruhe (epd). Ob mit rotem Lippenstift, Rollstuhl oder Bart &#8211; die Karlsruher Theologin Anne Helene Kratzert wirbt f\u00fcr ein vielf\u00e4ltiges<\/p>\n","protected":false},"author":2,"featured_media":7081,"comment_status":"closed","ping_status":"closed","sticky":false,"template":"","format":"standard","meta":{"footnotes":""},"categories":[20],"tags":[],"_links":{"self":[{"href":"https:\/\/krankenhauspfarramt.de\/index.php\/wp-json\/wp\/v2\/posts\/7080"}],"collection":[{"href":"https:\/\/krankenhauspfarramt.de\/index.php\/wp-json\/wp\/v2\/posts"}],"about":[{"href":"https:\/\/krankenhauspfarramt.de\/index.php\/wp-json\/wp\/v2\/types\/post"}],"author":[{"embeddable":true,"href":"https:\/\/krankenhauspfarramt.de\/index.php\/wp-json\/wp\/v2\/users\/2"}],"replies":[{"embeddable":true,"href":"https:\/\/krankenhauspfarramt.de\/index.php\/wp-json\/wp\/v2\/comments?post=7080"}],"version-history":[{"count":1,"href":"https:\/\/krankenhauspfarramt.de\/index.php\/wp-json\/wp\/v2\/posts\/7080\/revisions"}],"predecessor-version":[{"id":7082,"href":"https:\/\/krankenhauspfarramt.de\/index.php\/wp-json\/wp\/v2\/posts\/7080\/revisions\/7082"}],"wp:featuredmedia":[{"embeddable":true,"href":"https:\/\/krankenhauspfarramt.de\/index.php\/wp-json\/wp\/v2\/media\/7081"}],"wp:attachment":[{"href":"https:\/\/krankenhauspfarramt.de\/index.php\/wp-json\/wp\/v2\/media?parent=7080"}],"wp:term":[{"taxonomy":"category","embeddable":true,"href":"https:\/\/krankenhauspfarramt.de\/index.php\/wp-json\/wp\/v2\/categories?post=7080"},{"taxonomy":"post_tag","embeddable":true,"href":"https:\/\/krankenhauspfarramt.de\/index.php\/wp-json\/wp\/v2\/tags?post=7080"}],"curies":[{"name":"wp","href":"https:\/\/api.w.org\/{rel}","templated":true}]}}