{"id":7083,"date":"2024-07-23T22:14:18","date_gmt":"2024-07-23T22:14:18","guid":{"rendered":"https:\/\/krankenhauspfarramt.de\/index.php\/2024\/07\/23\/theologen-wg-mit-olympischem-geist-ekd\/"},"modified":"2024-07-23T22:14:21","modified_gmt":"2024-07-23T22:14:21","slug":"theologen-wg-mit-olympischem-geist-ekd","status":"publish","type":"post","link":"https:\/\/krankenhauspfarramt.de\/index.php\/2024\/07\/23\/theologen-wg-mit-olympischem-geist-ekd\/","title":{"rendered":"Theologen-WG mit olympischem Geist \u2013 EKD"},"content":{"rendered":"<p> <br \/>\n<\/p>\n<div>\n<p>Paris (epd). Hoch \u00fcber der Rue Blanche hat Barbara Franke die Schlafsofas ausgeklappt und die Ablage vorm Badezimmerspiegel freiger\u00e4umt: Wenn am 26. Juli in Paris die Olympischen Sommerspiele beginnen, wird nicht nur die franz\u00f6sische Hauptstadt zur Gastgeberin, sondern auch die Pfarrerin der evangelischen Christuskirche. Drei Wochen lang beherbergt die 62-J\u00e4hrige in ihrer Drei-Zimmer-Wohnung, zentral zwischen Montmartre und den Galeries Lafayette gelegen, mit Thomas Weber und Elisabeth Keilmann die beiden Olympia-Seelsorger der evangelischen und der katholischen Kirchen.<\/p>\n<\/p><\/div>\n<div id=\"\">\n<p>Auf die Theologen-WG und das ein oder andere gemeinsame Fr\u00fchst\u00fcck freut sich Franke: \u201eDas wird unkompliziert, und ich bekomme Einblicke und erfahre etwas aus der Welt der Athleten.\u201c \u00dcber 400 deutsche Sportlerinnen und Sportler haben sich f\u00fcr die Spiele qualifiziert, die zum dritten Mal nach 1900 und 1924 an der Seine stattfinden und bis 11. August dauern.<\/p>\n<p>Hotspot f\u00fcr sie und ihre Fans wird das Rugby Stadion \u201eJean Bouin\u201c, wo das \u201eDeutsche Haus\u201c untergebracht ist. Am liebsten w\u00fcrde Barbara Franke dort auf quasi diplomatisch-deutschem Boden einen \u00f6kumenischen Olympia-Gottesdienst mit den beiden Sportkollegen feiern. Ob das klappt, ist auch kurz vor Beginn der Spiele noch nicht klar. Denn im streng laizistischen Frankreich ist die Aus\u00fcbung von Religion im \u00f6ffentlichen Raum verboten.<\/p>\n<p>Das bestimmt auch abseits von Olympia das Leben der \u201e\u00c9glise Protestante Allemande\u201c, der evangelischen Gemeinde deutscher Sprache. Es beginnt damit, dass die kleine Gemeinde mit ihren derzeit rund 380 Mitgliedern als \u201eKultverein\u201c eingetragen ist und von den Beitr\u00e4gen, die zwischen 40 und 65 Euro pro Monat liegen, Personal- und Sachkosten selbst finanziert. Und es endet damit, dass Barbara Franke jeden Martinsumzug f\u00fcr die Kleinen aus der gut besuchten Krabbelgruppe bei den Beh\u00f6rden als Demonstration anmelden muss. Auch die Sicherheitsauflagen der Stadt verhindern einladende Offenheit: \u201eDie Kirchent\u00fcr ist magnetgesichert, wir brauchen f\u00fcr jeden Gottesdienst und jedes Konzert einen T\u00fcrdienst\u201c, sagt Franke: \u201eNiemand kann hier einfach mal so reinschauen.\u201c<\/p>\n<p>Schon als M\u00fcnchner Pfarrerin hatte die Theologin zehn Jahre lang die Partnerschaft zwischen einigen evangelischen M\u00fcnchner und den lutherischen Gemeinden in Paris organisiert. Als dann die Stelle an der 130 Jahre alten Christuskirche mit ihrer stadtbekannten Akustik und ihrem umfangreichen Konzertprogramm frei wurde, brauchte die Pfarrerin und Musikliebhaberin noch einen Schubs von Ehemann und erwachsener Tochter, um sich auf die sechsj\u00e4hrige Trennung und das Abenteuer Paris einzulassen.<\/p>\n<p>Nun ist die Seelsorgerin schon seit drei Jahren zust\u00e4ndig f\u00fcr deutsche Seniorinnen, die einst ihren franz\u00f6sischen M\u00e4nnern folgten, f\u00fcr Au-pairs oder Freiwillige der Aktion S\u00fchnezeichen Friedensdienste, die eine Wohnung im Gemeindehaus haben, sowie f\u00fcr Botschafts- oder Firmenangeh\u00f6rige, die den Anschluss an die evangelische Kirche suchen &#8211; oft \u00fcber die Kinder, die Barbara Franke in der sechsten und achten Klasse der Internationalen deutschen Schule unterrichtet und konfirmiert.<br \/>\u00a0<\/p>\n<\/div>\n<div id=\"\">\n<p>    \t    <!-- SRC:  --><\/p>\n<aside class=\"article--aside quintus teaser teaser__related rs_skip rs_preserve\">\n<div class=\"teaser--article teaser--content\">\n<figure class=\"teaser--image\">\n                                    <picture><source media=\"(max-width:935px)\" srcset=\"https:\/\/www.ekd.de\/ekd_de\/ds_img\/assets_1875_x\/Teaser_Kirche_Sport_Titelseite_rdax_625x352_60s.jpg 1x, https:\/\/www.ekd.de\/ekd_de\/ds_img\/assets_1875_x\/Teaser_Kirche_Sport_Titelseite_rdax_1250x704_60s.jpg 2x, https:\/\/www.ekd.de\/ekd_de\/ds_img\/assets_1875_x\/Teaser_Kirche_Sport_Titelseite_rdax_60s.jpg 3x\"><source media=\"(min-width:934px)\" srcset=\"https:\/\/www.ekd.de\/ekd_de\/ds_img\/assets_1875_x\/Teaser_Kirche_Sport_Titelseite_rdax_360x203_70s.jpg 1x, https:\/\/www.ekd.de\/ekd_de\/ds_img\/assets_1875_x\/Teaser_Kirche_Sport_Titelseite_rdax_720x406_70s.jpg 2x, https:\/\/www.ekd.de\/ekd_de\/ds_img\/assets_1875_x\/Teaser_Kirche_Sport_Titelseite_rdax_1080x608_70s.jpg 3x\"><\/source><\/source><\/picture><figcaption\/>\n                                <\/figure>\n<p class=\"quintus--text teaser--text\">Die Evangelische Kirche in Deutschland (EKD) hat Sport als eines der wichtigsten Begegnungsfelder von Protestantismus und Kultur benannt. Hier finden Sie Informationen zum Thema Kirche und Sport.<\/p>\n<\/p><\/div>\n<\/aside>\n<div class=\"article--content\">\n<p>Andererseits macht die Pfarrerin selbst Erfahrungen, wie sie f\u00fcr \u201eExpats\u201c typisch sind: Engere Kontakte mit den Einheimischen zu kn\u00fcpfen, ist f\u00fcr Zugereiste nicht leicht. \u201eDas Leben der Familien in Paris ist so \u00fcbervoll, dass sie schlicht keine Zeit f\u00fcr neue Kontakte haben\u201c, stellt Franke fest.<\/p>\n<p>Normalerweise nutzt die Pfarrerin den ruhigeren August f\u00fcr die Hausbesuche bei ihren Gemeindemitgliedern, die in einem Umkreis von 80 Kilometern wohnen. Doch diesmal steht Olympia im Vordergrund. Die Sicherheitsvorkehrungen sind scharf &#8211; die Terroranschl\u00e4ge auf Charlie Hebdo und das Bataclan Theater 2015 sind in Paris noch allzu pr\u00e4sent. Anwohner kommen nur noch mit Sicherheitscode in ihre Stadtviertel, Taschenkontrollen und U-Bahn-Patrouillen sind an der Tagesordnung. Auch der Ansturm von gesch\u00e4tzt 15 Millionen G\u00e4sten auf den Nahverkehr sorge bei vielen Parisern f\u00fcr einen Fluchtreflex, berichtet die Pfarrerin. \u201eViele verlassen im Sommer sowieso die Stadt, jetzt ganz besonders.\u201c<\/p>\n<p>Franke selbst will sich dennoch das Erlebnis von Olympischen Spielen nicht nehmen lassen: \u201eDas ist doch eine einmalige Geschichte im Leben!\u201c Au\u00dferdem hat sie sich auf Anfrage des deutschen Konsulats bereit erkl\u00e4rt, im Team der Notfallseelsorge mitzumachen. Nat\u00fcrlich hoffe sie, \u201edass es einigerma\u00dfen friedlich bleibt\u201c. Im Idealfall werde sie nur f\u00fcr die typischen Sorgen deutscher Touristen da sein: wenn das Portemonnaie gestohlen wurde, der Pass verloren ging oder das Hotel doch kein Zimmer frei hat. \u201eIch m\u00f6chte bei diesem Gro\u00dfereignis einfach einen kleinen Beitrag leisten und ein bisschen diakonisch wirken, wo es gebraucht wird\u201c, beschreibt Franke ihr Selbstverst\u00e4ndnis w\u00e4hrend der Spiele.<\/p>\n<\/p><\/div>\n<\/div>\n","protected":false},"excerpt":{"rendered":"<p>Paris (epd). Hoch \u00fcber der Rue Blanche hat Barbara Franke die Schlafsofas ausgeklappt und die Ablage vorm Badezimmerspiegel freiger\u00e4umt: Wenn<\/p>\n","protected":false},"author":2,"featured_media":7084,"comment_status":"closed","ping_status":"closed","sticky":false,"template":"","format":"standard","meta":{"footnotes":""},"categories":[20],"tags":[],"_links":{"self":[{"href":"https:\/\/krankenhauspfarramt.de\/index.php\/wp-json\/wp\/v2\/posts\/7083"}],"collection":[{"href":"https:\/\/krankenhauspfarramt.de\/index.php\/wp-json\/wp\/v2\/posts"}],"about":[{"href":"https:\/\/krankenhauspfarramt.de\/index.php\/wp-json\/wp\/v2\/types\/post"}],"author":[{"embeddable":true,"href":"https:\/\/krankenhauspfarramt.de\/index.php\/wp-json\/wp\/v2\/users\/2"}],"replies":[{"embeddable":true,"href":"https:\/\/krankenhauspfarramt.de\/index.php\/wp-json\/wp\/v2\/comments?post=7083"}],"version-history":[{"count":1,"href":"https:\/\/krankenhauspfarramt.de\/index.php\/wp-json\/wp\/v2\/posts\/7083\/revisions"}],"predecessor-version":[{"id":7085,"href":"https:\/\/krankenhauspfarramt.de\/index.php\/wp-json\/wp\/v2\/posts\/7083\/revisions\/7085"}],"wp:featuredmedia":[{"embeddable":true,"href":"https:\/\/krankenhauspfarramt.de\/index.php\/wp-json\/wp\/v2\/media\/7084"}],"wp:attachment":[{"href":"https:\/\/krankenhauspfarramt.de\/index.php\/wp-json\/wp\/v2\/media?parent=7083"}],"wp:term":[{"taxonomy":"category","embeddable":true,"href":"https:\/\/krankenhauspfarramt.de\/index.php\/wp-json\/wp\/v2\/categories?post=7083"},{"taxonomy":"post_tag","embeddable":true,"href":"https:\/\/krankenhauspfarramt.de\/index.php\/wp-json\/wp\/v2\/tags?post=7083"}],"curies":[{"name":"wp","href":"https:\/\/api.w.org\/{rel}","templated":true}]}}