{"id":7181,"date":"2024-09-11T15:13:44","date_gmt":"2024-09-11T15:13:44","guid":{"rendered":"https:\/\/krankenhauspfarramt.de\/index.php\/2024\/09\/11\/trauer-um-friedrich-schorlemmer-ekd\/"},"modified":"2024-09-11T15:13:45","modified_gmt":"2024-09-11T15:13:45","slug":"trauer-um-friedrich-schorlemmer-ekd","status":"publish","type":"post","link":"https:\/\/krankenhauspfarramt.de\/index.php\/2024\/09\/11\/trauer-um-friedrich-schorlemmer-ekd\/","title":{"rendered":"Trauer um Friedrich Schorlemmer \u2013 EKD"},"content":{"rendered":"<p> <br \/>\n<\/p>\n<div>\n<p>Bundespr\u00e4sident Frank-Walter Steinmeier nannte den lange Jahre in Wittenberg t\u00e4tigen Theologen einen \u201emutigen und aufrechten Streiter f\u00fcr Freiheit und Demokratie\u201c. \u201eFriedrich Schorlemmer geh\u00f6rte zu jenen mutigen DDR-B\u00fcrgerrechtlern, die mit hohem pers\u00f6nlichen Einsatz das Unrecht des SED-Regimes kritisierten und im Herbst 1989 den Aufbruch f\u00fcr Freiheit, Demokratie und Menschenrechte wagten\u201c, sagte der Bundespr\u00e4sident.<\/p>\n<p>Die amtierende Ratsvorsitzende der Evangelischen Kirche in Deutschland (EKD), Kirsten Fehrs, w\u00fcrdigte Schorlemmer als \u201estreitbaren Mahner f\u00fcr Frieden und Gerechtigkeit\u201c. Er sei nicht nur prominentes Mitglied der Opposition in der DDR gewesen, sondern zeit seines Lebens ein Mensch, der seine Verantwortung als Christ immer auch mit politischem Denken und Handeln wahrgenommen habe, erkl\u00e4rte die Hamburger Bisch\u00f6fin.<\/p>\n<p>Der Deutsche Evangelische Kirchentag betonte Schorlemmers Rolle innerhalb der Kirchentagsbewegung. \u201eEr war ein herausragender Denker, Mahner und Mutmacher f\u00fcr alle, die etwas bewegen wollten &#8211; respektiert auch von vielen, die anderer Meinung waren\u201c, erkl\u00e4rte Kirchentagspr\u00e4sidentin Anja Siegesmund.<\/p>\n<p>Sachsen-Anhalts Ministerpr\u00e4sident Reiner Haseloff (CDU) w\u00fcrdigte Schorlemmer als wichtige Stimme des Ostens und Symbolfigur der kirchlichen Friedensbewegung in der DDR. Er habe wortm\u00e4chtig den Freiraum der Kirche genutzt. Nach der Wiedervereinigung sei er ein kritischer Begleiter der deutschen Einheit gewesen. Der Oberb\u00fcrgermeister von Wittenberg, Torsten Zugeh\u00f6r (parteilos), erkl\u00e4rte, Schorlemmer habe das b\u00fcrgerschaftliche Selbstbewusstsein einer Generation gepr\u00e4gt.<\/p>\n<p>Die Stiftung Friedliche Revolution in Leipzig erkl\u00e4rte, Schorlemmer habe Menschen in Ost und West gleicherma\u00dfen bewegt. \u201eSein Wort hatte Gewicht und wurde geh\u00f6rt &#8211; ob in seinen Predigten in der Wittenberger Schlosskirche oder in seinen unz\u00e4hligen Reden, Vortr\u00e4gen, Aufs\u00e4tzen und zahlreichen B\u00fcchern\u201c, sagte der Vorsitzende des Stiftungsvorstands, Rainer Vor.<\/p>\n<\/p><\/div>\n","protected":false},"excerpt":{"rendered":"<p>Bundespr\u00e4sident Frank-Walter Steinmeier nannte den lange Jahre in Wittenberg t\u00e4tigen Theologen einen \u201emutigen und aufrechten Streiter f\u00fcr Freiheit und Demokratie\u201c.<\/p>\n","protected":false},"author":2,"featured_media":7182,"comment_status":"closed","ping_status":"closed","sticky":false,"template":"","format":"standard","meta":{"footnotes":""},"categories":[20],"tags":[],"_links":{"self":[{"href":"https:\/\/krankenhauspfarramt.de\/index.php\/wp-json\/wp\/v2\/posts\/7181"}],"collection":[{"href":"https:\/\/krankenhauspfarramt.de\/index.php\/wp-json\/wp\/v2\/posts"}],"about":[{"href":"https:\/\/krankenhauspfarramt.de\/index.php\/wp-json\/wp\/v2\/types\/post"}],"author":[{"embeddable":true,"href":"https:\/\/krankenhauspfarramt.de\/index.php\/wp-json\/wp\/v2\/users\/2"}],"replies":[{"embeddable":true,"href":"https:\/\/krankenhauspfarramt.de\/index.php\/wp-json\/wp\/v2\/comments?post=7181"}],"version-history":[{"count":1,"href":"https:\/\/krankenhauspfarramt.de\/index.php\/wp-json\/wp\/v2\/posts\/7181\/revisions"}],"predecessor-version":[{"id":7183,"href":"https:\/\/krankenhauspfarramt.de\/index.php\/wp-json\/wp\/v2\/posts\/7181\/revisions\/7183"}],"wp:featuredmedia":[{"embeddable":true,"href":"https:\/\/krankenhauspfarramt.de\/index.php\/wp-json\/wp\/v2\/media\/7182"}],"wp:attachment":[{"href":"https:\/\/krankenhauspfarramt.de\/index.php\/wp-json\/wp\/v2\/media?parent=7181"}],"wp:term":[{"taxonomy":"category","embeddable":true,"href":"https:\/\/krankenhauspfarramt.de\/index.php\/wp-json\/wp\/v2\/categories?post=7181"},{"taxonomy":"post_tag","embeddable":true,"href":"https:\/\/krankenhauspfarramt.de\/index.php\/wp-json\/wp\/v2\/tags?post=7181"}],"curies":[{"name":"wp","href":"https:\/\/api.w.org\/{rel}","templated":true}]}}