{"id":7242,"date":"2024-09-23T20:25:28","date_gmt":"2024-09-23T20:25:28","guid":{"rendered":"https:\/\/krankenhauspfarramt.de\/index.php\/2024\/09\/23\/rat-der-ekd-gibt-preistraegerinnen-des-hanna-jursch-preises-bekannt-ekd\/"},"modified":"2024-09-23T20:25:29","modified_gmt":"2024-09-23T20:25:29","slug":"rat-der-ekd-gibt-preistraegerinnen-des-hanna-jursch-preises-bekannt-ekd","status":"publish","type":"post","link":"https:\/\/krankenhauspfarramt.de\/index.php\/2024\/09\/23\/rat-der-ekd-gibt-preistraegerinnen-des-hanna-jursch-preises-bekannt-ekd\/","title":{"rendered":"Rat der EKD gibt Preistr\u00e4ger*innen des Hanna-Jursch-Preises bekannt \u2013 EKD"},"content":{"rendered":"<p> <br \/>\n<\/p>\n<div id=\"\">\n<div class=\"article--meta article--meta__border clearfix\">\n<p>                                    <time datetime=\"23.09.2024 15:00\" class=\"article--time\">23.09.2024<\/time><\/p>\n<p>                                     <strong class=\"article--type primus--overline\">Pressemitteilung<\/strong><\/p>\n<picture class=\"article--source-image image\"><source srcset=\"https:\/\/www.ekd.de\/ekd_de\/ds_img\/assets\/20170622_ekd-Quellenlogo_141_rdax_423x118.png\"><!--<source srcset=\"\/ekd_de\/ds_img\/assets\/20170622_ekd-Quellenlogo_141_rdax_141x39.png 1x, \/ekd_de\/ds_img\/assets\/20170622_ekd-Quellenlogo_141_rdax_282x78.png 2x, https:\/\/www.ekd.de\/ekd_de\/ds_img\/assets\/20170622_ekd-Quellenlogo_141_rdax_423x118.png 3x\">--><\/p>\n<p>    <\/source><\/picture>\n<\/p><\/div>\n<h2 class=\"article--sub-headline primus--sub-headline\">Wissenschaftlich-theologische Arbeiten ausgezeichnet, in denen geschlechterspezifische Perspektiven eine wesentliche Rolle spielen<\/h2>\n<\/p><\/div>\n<div id=\"\">\n<p>Der Rat der Evangelischen Kirche in Deutschland (EKD) hat die Preistr\u00e4ger*innen des 12. Hanna-Jursch-Preises bekanntgegeben. Mit dem Hauptpreis der 12.\u00a0Ausschreibung zum Thema \u201eGeschichte(n), Gegenwart und Zuk\u00fcnfte von K\u00f6rpern\u201c werden gleich zwei Arbeiten ausgezeichnet, die sowohl das Thema als auch die Kriterien des Preises in herausragender Weise erf\u00fcllen. F\u00fcr den Rat der EKD hob Dekan Dr. Michael Diener hervor: \u201eDie Qualit\u00e4t der eingereichten Arbeiten ist in diesem Jahr besonders hervorzuheben. Ich sehe das als Beleg f\u00fcr die wachsende Sensibilit\u00e4t f\u00fcr geschlechterspezifische Sichtweisen in der theologischen Forschung.\u201c<\/p>\n<p>Dr. Florence H\u00e4neke erh\u00e4lt die Auszeichnung f\u00fcr ihre Inauguraldissertation \u201e\u2018Was mich lebendig macht.\u2018 \u2013 Eine Studie zu queerer pastoraler Identit\u00e4t\u201c. Sie wurde an der Theologischen Fakult\u00e4t der Universit\u00e4t Basel im Fachbereich Praktische Theologie eingereicht. Dr. H\u00e4neke besch\u00e4ftigt sich mit den Lebensgeschichten von queeren und transgeschlechtlichen Pfarrpersonen, deren Selbst- und Fremdwahrnehmungen deutlich durch ihre Verk\u00f6rperung gepr\u00e4gt sind. \u201eH\u00e4nekes Arbeit leistet hier Pionierarbeit, da erstmals im deutschsprachigen Raum queere Pfarrpersonen zu Wort kommen, um ihr Amtsverst\u00e4ndnis zu reflektieren\u201c, erl\u00e4utert der stellvertretende Vorsitzende der Jury, Prof. Dr. Gerhard Schreiber die Entscheidung der Jury. Damit leiste die Arbeit einen wichtigen Beitrag zur pastoraltheologischen Diskussion um Geschlecht und Sexualit\u00e4t und zur Anerkennung queerer Identit\u00e4ten in der Kirche.<\/p>\n<p>PD Dr. Caroline Teschmer wird f\u00fcr ihre Habilitationsschrift \u201ePerspektiven einer k\u00f6rpersensiblen Religionsp\u00e4dagogik des Jugendalters\u201c geehrt. Sie wurde an der Universit\u00e4t Augsburg, Institut f\u00fcr Evangelische Theologie, Philosophisch-Sozialwissenschaftliche Fakult\u00e4t, eingereicht. Diese Arbeit zeichnet sich durch eine gro\u00dfe Bandbreite von Zug\u00e4ngen sowohl im religionsp\u00e4dagogisch-fachdidaktischen als auch im ethisch-theologischen Diskurs aus und ist auch f\u00fcr die Praxis des Religionsunterrichts von gro\u00dfer Bedeutung. Teschmers Arbeit zeige auf, dass das Nachdenken \u00fcber den K\u00f6rper immer auch die existenziellen und religi\u00f6sen Dimensionen des Menschseins umfasse, so Schreiber. \u201eDie Jury hat \u00fcberzeugt, dass die Arbeit nicht nur methodisch fundiert ist, sondern auch wertvolle Impulse f\u00fcr die Weiterentwicklung der Religionsp\u00e4dagogik gibt, insbesondere im Hinblick auf die Aus- und Fortbildung von Religionslehrkr\u00e4ften.\u201c<\/p>\n<p>Mit dem Nachwuchspreis werden Naemi Mu\u00f1oz Perez f\u00fcr ihre Examensarbeit \u201eDisabilitykritische und feministische Zug\u00e4nge zu neutestamentlichen Heilungserz\u00e4hlungen, dargestellt anhand der Perikope \u00fcber die \u201ablutfl\u00fcssige\u2018 Frau (MK 5,24b-34)\u201c und Donate Wagner f\u00fcr ihre Hauptseminararbeit \u201eVerehrt Gott in eurem K\u00f6rper. Eine Untersuchung von K\u00f6rper und Verk\u00f6rperung in 1. Kor 6,12-20\u201c ausgezeichnet. Beide Arbeiten sind wissenschaftlich wertvoll und erf\u00fcllen die Kriterien des Nachwuchspreises in hervorragender Weise.<\/p>\n<p>Der Hanna-Jursch-Preis wird vom Rat der Evangelischen Kirche in Deutschland (EKD) alle zwei Jahre f\u00fcr herausragende wissenschaftlich-theologische Arbeiten vergeben, in denen gender- bzw. geschlechterspezifische Perspektiven eine wesentliche Rolle spielen. Benannt ist der Preis nach der Jenaer Kirchenhistorikerin Hanna Jursch (1902-1972), die sich 1934 als erste Frau an einer deutschen Theologischen Fakult\u00e4t habilitierte.<\/p>\n<p>Hannover, 23. September 2024<\/p>\n<p>Pressestelle der EKD<br \/>Annika Lukas<\/p>\n<\/div>\n","protected":false},"excerpt":{"rendered":"<p>23.09.2024 Pressemitteilung Wissenschaftlich-theologische Arbeiten ausgezeichnet, in denen geschlechterspezifische Perspektiven eine wesentliche Rolle spielen Der Rat der Evangelischen Kirche in Deutschland<\/p>\n","protected":false},"author":2,"featured_media":7110,"comment_status":"closed","ping_status":"closed","sticky":false,"template":"","format":"standard","meta":{"footnotes":""},"categories":[20],"tags":[],"_links":{"self":[{"href":"https:\/\/krankenhauspfarramt.de\/index.php\/wp-json\/wp\/v2\/posts\/7242"}],"collection":[{"href":"https:\/\/krankenhauspfarramt.de\/index.php\/wp-json\/wp\/v2\/posts"}],"about":[{"href":"https:\/\/krankenhauspfarramt.de\/index.php\/wp-json\/wp\/v2\/types\/post"}],"author":[{"embeddable":true,"href":"https:\/\/krankenhauspfarramt.de\/index.php\/wp-json\/wp\/v2\/users\/2"}],"replies":[{"embeddable":true,"href":"https:\/\/krankenhauspfarramt.de\/index.php\/wp-json\/wp\/v2\/comments?post=7242"}],"version-history":[{"count":1,"href":"https:\/\/krankenhauspfarramt.de\/index.php\/wp-json\/wp\/v2\/posts\/7242\/revisions"}],"predecessor-version":[{"id":7243,"href":"https:\/\/krankenhauspfarramt.de\/index.php\/wp-json\/wp\/v2\/posts\/7242\/revisions\/7243"}],"wp:featuredmedia":[{"embeddable":true,"href":"https:\/\/krankenhauspfarramt.de\/index.php\/wp-json\/wp\/v2\/media\/7110"}],"wp:attachment":[{"href":"https:\/\/krankenhauspfarramt.de\/index.php\/wp-json\/wp\/v2\/media?parent=7242"}],"wp:term":[{"taxonomy":"category","embeddable":true,"href":"https:\/\/krankenhauspfarramt.de\/index.php\/wp-json\/wp\/v2\/categories?post=7242"},{"taxonomy":"post_tag","embeddable":true,"href":"https:\/\/krankenhauspfarramt.de\/index.php\/wp-json\/wp\/v2\/tags?post=7242"}],"curies":[{"name":"wp","href":"https:\/\/api.w.org\/{rel}","templated":true}]}}