{"id":7269,"date":"2024-09-30T17:09:06","date_gmt":"2024-09-30T17:09:06","guid":{"rendered":"https:\/\/krankenhauspfarramt.de\/index.php\/2024\/09\/30\/christiane-tietz-zur-ekhn-kirchenpraesidentin-gewaehlt-ekd\/"},"modified":"2024-09-30T17:09:07","modified_gmt":"2024-09-30T17:09:07","slug":"christiane-tietz-zur-ekhn-kirchenpraesidentin-gewaehlt-ekd","status":"publish","type":"post","link":"https:\/\/krankenhauspfarramt.de\/index.php\/2024\/09\/30\/christiane-tietz-zur-ekhn-kirchenpraesidentin-gewaehlt-ekd\/","title":{"rendered":"Christiane Tietz zur EKHN-Kirchenpr\u00e4sidentin gew\u00e4hlt \u2013 EKD"},"content":{"rendered":"<p> <br \/>\n<\/p>\n<div id=\"\">\n<p>Am Ende ihrer Vorstellungsrunde hatte Christiane Tietz der EKHN eine Liebeserkl\u00e4rung gemacht: \u201eDie vergangenen Monate sind ein Verliebtsein mit der EKHN. Ich sehe die EKHN realistisch mit ihrer Ersch\u00f6pfung, ihren Spannungen und ungekl\u00e4rten Herausforderungen. Diese Kirche m\u00f6chte ich mit Ihnen gestalten.\u201c<\/p>\n<p>Tietz m\u00f6chte Formate st\u00e4rken, in denen Kinder und Jugendliche den christlichen Glauben erfahren. Sie warb f\u00fcr ein Miteinander von \u201eInnovation und dem, was aus guten Gr\u00fcnden heute noch tr\u00e4gt\u201c. Dazu brauche es \u201ewarmherziges Augenma\u00df und mutige N\u00fcchternheit\u201c. Die in der ForuM-Studie aufgezeigten Defizite der Kirche wie Konfliktunf\u00e4higkeit wolle sie bearbeiten.<\/p>\n<p>Vor der Synode wolle sie theologische Impulse setzen, damit vor den Strukturfragen die Themen diskutiert werden. \u201eMeine Leidenschaft gilt dem \u00f6ffentlichen Reden von Gott\u201c, sagte Tietz und bezeichnete sich als \u201ehoffnungsvolle Realistin\u201c.<\/p>\n<p>Die Ratsvorsitzende der Evangelischen Kirche in Deutschland (EKD), Bisch\u00f6fin Kirsten Fehrs, gratulierte Tietz zur Wahl und hob dabei \u201eihre kluge und zugewandte Art, ihre Erfahrungen in Gremien, in Wissenschaft und Ausland\u201c hervor. \u201eAuf die Zusammenarbeit in der Kirchenkonferenz und an anderen Orten freue ich mich sehr und bin mir sicher, dass die Stimme von Christiane Tietz dazu beitragen wird, die Themen gemeinsam voranzubringen, die uns als evangelische Kirche derzeit besch\u00e4ftigen\u201c erkl\u00e4rte Fehrs in Hannover.<\/p>\n<p>Christiane Tietz wurde 1967 in Frankfurt geboren. Sie studierte Mathematik und Evangelische Theologie in Frankfurt am Main und T\u00fcbingen. Tietz wurde 1999 in Evangelischer Theologie promoviert und hat sich 2004 habilitiert. Von 2008 bis 2013 war sie Theologieprofessorin an der Universit\u00e4t Mainz, seit 2013 in Z\u00fcrich. L\u00e4ngere berufliche Auslandsaufenthalte f\u00fchrten sie nach Chicago, New York und Princeton.<\/p>\n<p>Von 2010 bis 2012 war Tietz berufenes Mitglied der Kirchensynode der EKHN, von 2010 bis 2013 im Rat der EKD. Sie ist als Mitglied der EKHN berufene Synodale der EKD-Synode und Vorsitzende des Theologischen Ausschusses der Union Evangelischer Kirchen (UEK). Christiane Tietz ist verheiratet.<br \/>\u00a0<\/p>\n<\/div>\n","protected":false},"excerpt":{"rendered":"<p>Am Ende ihrer Vorstellungsrunde hatte Christiane Tietz der EKHN eine Liebeserkl\u00e4rung gemacht: \u201eDie vergangenen Monate sind ein Verliebtsein mit der<\/p>\n","protected":false},"author":2,"featured_media":7270,"comment_status":"closed","ping_status":"closed","sticky":false,"template":"","format":"standard","meta":{"footnotes":""},"categories":[20],"tags":[],"_links":{"self":[{"href":"https:\/\/krankenhauspfarramt.de\/index.php\/wp-json\/wp\/v2\/posts\/7269"}],"collection":[{"href":"https:\/\/krankenhauspfarramt.de\/index.php\/wp-json\/wp\/v2\/posts"}],"about":[{"href":"https:\/\/krankenhauspfarramt.de\/index.php\/wp-json\/wp\/v2\/types\/post"}],"author":[{"embeddable":true,"href":"https:\/\/krankenhauspfarramt.de\/index.php\/wp-json\/wp\/v2\/users\/2"}],"replies":[{"embeddable":true,"href":"https:\/\/krankenhauspfarramt.de\/index.php\/wp-json\/wp\/v2\/comments?post=7269"}],"version-history":[{"count":1,"href":"https:\/\/krankenhauspfarramt.de\/index.php\/wp-json\/wp\/v2\/posts\/7269\/revisions"}],"predecessor-version":[{"id":7271,"href":"https:\/\/krankenhauspfarramt.de\/index.php\/wp-json\/wp\/v2\/posts\/7269\/revisions\/7271"}],"wp:featuredmedia":[{"embeddable":true,"href":"https:\/\/krankenhauspfarramt.de\/index.php\/wp-json\/wp\/v2\/media\/7270"}],"wp:attachment":[{"href":"https:\/\/krankenhauspfarramt.de\/index.php\/wp-json\/wp\/v2\/media?parent=7269"}],"wp:term":[{"taxonomy":"category","embeddable":true,"href":"https:\/\/krankenhauspfarramt.de\/index.php\/wp-json\/wp\/v2\/categories?post=7269"},{"taxonomy":"post_tag","embeddable":true,"href":"https:\/\/krankenhauspfarramt.de\/index.php\/wp-json\/wp\/v2\/tags?post=7269"}],"curies":[{"name":"wp","href":"https:\/\/api.w.org\/{rel}","templated":true}]}}