{"id":7281,"date":"2024-10-02T21:25:56","date_gmt":"2024-10-02T21:25:56","guid":{"rendered":"https:\/\/krankenhauspfarramt.de\/index.php\/2024\/10\/02\/01-10-2024-gemeinsames-wort-der-kirchen-zum-3-oktober\/"},"modified":"2024-10-02T21:25:56","modified_gmt":"2024-10-02T21:25:56","slug":"01-10-2024-gemeinsames-wort-der-kirchen-zum-3-oktober","status":"publish","type":"post","link":"https:\/\/krankenhauspfarramt.de\/index.php\/2024\/10\/02\/01-10-2024-gemeinsames-wort-der-kirchen-zum-3-oktober\/","title":{"rendered":"01.10.2024 Gemeinsames Wort der Kirchen zum 3. Oktober"},"content":{"rendered":"<p><img decoding=\"async\" src=\"https:\/\/www.elk-wue.de\/\" \/><\/p>\n<div id=\"c53288\">\n<header>\n<h2 class=\"b_is-headline\">Gemeinsames Wort der Kirchen zum 3. Oktober<\/h2>\n<\/header>\n<p>Stuttgart\/Karlsruhe\/Freiburg\/Rottenburg. Zum Jahrestag des Tags der Deutschen Einheit am 3. Oktober erinnern die vier gro\u00dfen Kirchen in Baden-W\u00fcrttemberg mit gro\u00dfer Dankbarkeit daran, dass es vor 35 Jahren im Geist des Friedens m\u00f6glich war, ohne Blutvergie\u00dfen die Diktatur in der ehemaligen DDR abzusch\u00fctteln. In einer gemeinsamen Erkl\u00e4rung zum 3. Oktober unter dem Titel \u201eKerzen und Gebete \u2013 ein Verm\u00e4chtnis\u201c schreiben sie:<\/p>\n<p>\u201eDie Staatsmacht hatte mit allem gerechnet \u2013 nur nicht mit Kerzen und Gebeten. Vor 35 Jahren nahmen 70.000 Menschen in Leipzig und in anderen St\u00e4dten allen Mut zusammen und gingen auf die Stra\u00dfe. Sie trugen Kerzen in den H\u00e4nden und den Willen f\u00fcr einen friedlichen Weg der politischen Ver\u00e4nderung im Herzen. Die Gespr\u00e4che an Runden Tischen brachte die zusammen, die einander sonst mit Argwohn und Skepsis begegnet waren. Am 9. Oktober 1989 war es nicht mehr aufzuhalten, dass einen Monat sp\u00e4ter die Mauer zwischen Ost- und Westdeutschland eingerissen wurde. Ein Jahr sp\u00e4ter folgte am 3. Oktober die Deutsche Einheit.<\/p>\n<p>Am Jahrestag des 3. Oktober erinnern wir uns mit gro\u00dfer Dankbarkeit daran, dass es im Geist des Friedens m\u00f6glich war, ohne Blutvergie\u00dfen die Diktatur abzusch\u00fctteln. Die friedliche Kerzen-Revolution auf den Stra\u00dfen in Ostdeutschland von damals bleibt uns in den Kirchen ein leuchtendes Verm\u00e4chtnis f\u00fcr unsere Demokratie in Deutschland. Die Kerzen von damals verweisen uns bis heute auf die Kr\u00e4fte des Friedens und des gesellschaftlichen Zusammenhalts:\u00a0 Offenheit, Zuh\u00f6ren, Gespr\u00e4che, Kompromissbereitschaft. Als Christinnen und Christen treten wir daf\u00fcr ein, hinter diesen Geist des Friedens auch bei den Aushandlungen von L\u00f6sungen f\u00fcr aktuelle gesellschaftliche Probleme heute nicht zur\u00fcckzufallen.<\/p>\n<p>Der Friedensmut der Menschen mit Gebeten und Kerzen auf den Stra\u00dfen ruft uns am 3. Oktober ins Ged\u00e4chtnis, dass Gottes Kraft in der Schwachheit m\u00e4chtig wird (2.Kor.12,9).<\/p>\n<p>Im festen Glauben daran setzen wir Kirchen uns in der Gesellschaft daf\u00fcr ein, auch \u00fcber das zu sprechen, was h\u00e4ufig als vermeintliche Schw\u00e4che ausgelegt wird: \u00fcber Verletzungen und Vers\u00e4umtes, \u00fcber Br\u00fcche in unseren Leben und unserer Gesellschaft, \u00fcber N\u00f6te und Sorgen, Verluste und Unaufgearbeitetes in unserem vereinten Land. Wir vertrauen dabei auch heute auf die Kraft, die aus dem Kleinen erw\u00e4chst. Daf\u00fcr setzen wir uns ein und bieten deswegen an vielen Orten R\u00e4ume zur Begegnung und zum Austausch \u2013 in Verantwortung f\u00fcr ein vertrauensvolles und friedvolles Miteinander in unserem Land. Die Hoffnung auf ein Gelingen haben Tausende von Kerzentr\u00e4gerinnen und Kerzentr\u00e4gern uns in das Herz gelegt.\u201c<br \/>\u00a0<\/p>\n<p>Dan Peter<br \/>Sprecher der Landeskirche<\/p>\n<p><strong>Hinweis:<\/strong> Die Pressemitteilung wird von den vier gro\u00dfen Kirchen in Baden-W\u00fcrttemberg zeitgleich versendet. Wir bitten Mehrfachsendungen zu entschuldigen.<\/p>\n<\/div>\n","protected":false},"excerpt":{"rendered":"<p>Gemeinsames Wort der Kirchen zum 3. Oktober Stuttgart\/Karlsruhe\/Freiburg\/Rottenburg. Zum Jahrestag des Tags der Deutschen Einheit am 3. Oktober erinnern die<\/p>\n","protected":false},"author":1,"featured_media":0,"comment_status":"closed","ping_status":"closed","sticky":false,"template":"","format":"standard","meta":{"footnotes":""},"categories":[21],"tags":[],"_links":{"self":[{"href":"https:\/\/krankenhauspfarramt.de\/index.php\/wp-json\/wp\/v2\/posts\/7281"}],"collection":[{"href":"https:\/\/krankenhauspfarramt.de\/index.php\/wp-json\/wp\/v2\/posts"}],"about":[{"href":"https:\/\/krankenhauspfarramt.de\/index.php\/wp-json\/wp\/v2\/types\/post"}],"author":[{"embeddable":true,"href":"https:\/\/krankenhauspfarramt.de\/index.php\/wp-json\/wp\/v2\/users\/1"}],"replies":[{"embeddable":true,"href":"https:\/\/krankenhauspfarramt.de\/index.php\/wp-json\/wp\/v2\/comments?post=7281"}],"version-history":[{"count":0,"href":"https:\/\/krankenhauspfarramt.de\/index.php\/wp-json\/wp\/v2\/posts\/7281\/revisions"}],"wp:attachment":[{"href":"https:\/\/krankenhauspfarramt.de\/index.php\/wp-json\/wp\/v2\/media?parent=7281"}],"wp:term":[{"taxonomy":"category","embeddable":true,"href":"https:\/\/krankenhauspfarramt.de\/index.php\/wp-json\/wp\/v2\/categories?post=7281"},{"taxonomy":"post_tag","embeddable":true,"href":"https:\/\/krankenhauspfarramt.de\/index.php\/wp-json\/wp\/v2\/tags?post=7281"}],"curies":[{"name":"wp","href":"https:\/\/api.w.org\/{rel}","templated":true}]}}