{"id":730,"date":"2020-03-31T16:39:11","date_gmt":"2020-03-31T16:39:11","guid":{"rendered":"https:\/\/krankenhauspfarramt.de\/index.php\/2020\/03\/31\/klumpenrisiko-ekd\/"},"modified":"2020-04-06T14:45:42","modified_gmt":"2020-04-06T14:45:42","slug":"klumpenrisiko-ekd","status":"publish","type":"post","link":"https:\/\/krankenhauspfarramt.de\/index.php\/2020\/03\/31\/klumpenrisiko-ekd\/","title":{"rendered":"Klumpenrisiko \u2013 EKD"},"content":{"rendered":"<p> <br \/>\n<\/p>\n<div id=\"\">\n<p>Neuerdings sind auch viele Menschen auf engem Raum ein \u201eKlumpenrisiko\u201c \u2013 in der Stra\u00dfenbahn, in der Schule oder in der Firma. Sogar Gottesdienste werden zum \u201eKlumpenrisiko\u201c. Man hat das Gef\u00fchl, die ganze Erde ist jetzt ein einziges \u201eKlumpenrisiko\u201c. Banker raten in einem solchen Fall zur Risikostreuung. Sprich: nicht alle Eier in einen Korb. Leider ist die Verteilung auf andere Planeten aktuell keine Option. Stattdessen bleiben jetzt alle zu Hause. Das hei\u00dft dann Homeoffice oder Homeschooling, schlimmstenfalls Ausgangssperre oder Kontaktverbot. Statt sich in der \u00d6ffentlichkeit anzustecken, geht man sich daheim auf die Nerven. Ich nenne das ein \u201eKlumpenrisiko\u201c zweiter Ordnung.<\/p>\n<p>Das Problem: Es gibt auch \u201eQuarant\u00e4nerisiken\u201c: Sorge, Unruhe und Angst wachsen, wenn man allein ist. Mut f\u00e4llt in Gemeinschaft leichter und Solidarit\u00e4t geht nicht allein. Auch Trost und Ermutigung kann man sich nicht selbst spenden. Viele leiden unter Einsamkeit, besonders betroffen sind Alleinstehende und ganz besonders die, die jetzt als \u201eRisikopatienten\u201c bezeichnet werden: alt und vorerkrankt und wom\u00f6glich auch noch allein. Da verklumpen sich dann die Risiken.<\/p>\n<p>Es gibt aber auch ausgesprochene \u201eKlumpenchancen\u201c: Glaube und Hoffnung sind hochgradig ansteckend; sie brauchen Kontaktfl\u00e4chen, um sich auszubreiten. In diesem Fall sollte man das Ansteckungsrisiko erh\u00f6hen. Daf\u00fcr sind Gottesdienste, Feste, gemeinsame Feiern da. Gerade in Krisenzeiten sind wir auf Gemeinschaft angewiesen. Umso mehr schmerzt es, wenn dies jetzt nicht m\u00f6glich ist. Anfassen ist nicht; Abstand ist derzeit ein Ausdruck von F\u00fcrsorge.\u00a0<\/p>\n<p>Wenn Sozialkontakte zum Problem werden, darf die Gemein-schaft nicht auf der Strecke bleiben. Das fordert Christen heraus. Jeden Einzelnen und alle gemeinsam. Zum Gl\u00fcck gibt\u2019s Telefon und Internet, Post und die Nachbarschaftshilfe und jede Menge gute Ideen, nicht nur in der Kirche, aber auch dort: zum Beispiel \u00a0#Balkonsingen. Eine Sammlung von Angeboten findet sich unter www.kirchevonzuhause.de. Auch wenn Kirchen geschlossen bleiben, h\u00f6ren die Glocken nicht auf zu l\u00e4uten \u2013 als Einladung zum Gebet, zum Innehalten und zur Andacht, zur gleichen Zeit in vielen H\u00e4usern, r\u00e4umlich getrennt und doch gemeinsam. Wir geh\u00f6ren zusammen, auch wenn wir nicht zusammen sind. Im Gebet sp\u00fcre ich diese unsichtbare Verbindung, mit Gott, mit anderen Menschen. \u00a0<\/p>\n<p>\u00dcbrigens, ich habe einen Freund, der liebt Kl\u00fcmpchen im Pudding. Das gibt\u2019s auch.\u00a0<\/p>\n<p><em>\u201eDarum tr\u00f6stet euch untereinander\u00a0<br \/>und einer erbaue den andern,\u00a0<br \/>wie ihr auch tut!\u201c (1. Thess 5,11)<\/em><\/p>\n<p style=\"text-align:right\">Martin Hauger<br \/>\u00a0<\/p>\n<\/div>\n","protected":false},"excerpt":{"rendered":"<p>Neuerdings sind auch viele Menschen auf engem Raum ein \u201eKlumpenrisiko\u201c \u2013 in der Stra\u00dfenbahn, in der Schule oder in der<\/p>\n","protected":false},"author":1,"featured_media":731,"comment_status":"closed","ping_status":"closed","sticky":false,"template":"","format":"standard","meta":{"footnotes":""},"categories":[20],"tags":[],"_links":{"self":[{"href":"https:\/\/krankenhauspfarramt.de\/index.php\/wp-json\/wp\/v2\/posts\/730"}],"collection":[{"href":"https:\/\/krankenhauspfarramt.de\/index.php\/wp-json\/wp\/v2\/posts"}],"about":[{"href":"https:\/\/krankenhauspfarramt.de\/index.php\/wp-json\/wp\/v2\/types\/post"}],"author":[{"embeddable":true,"href":"https:\/\/krankenhauspfarramt.de\/index.php\/wp-json\/wp\/v2\/users\/1"}],"replies":[{"embeddable":true,"href":"https:\/\/krankenhauspfarramt.de\/index.php\/wp-json\/wp\/v2\/comments?post=730"}],"version-history":[{"count":1,"href":"https:\/\/krankenhauspfarramt.de\/index.php\/wp-json\/wp\/v2\/posts\/730\/revisions"}],"predecessor-version":[{"id":732,"href":"https:\/\/krankenhauspfarramt.de\/index.php\/wp-json\/wp\/v2\/posts\/730\/revisions\/732"}],"wp:featuredmedia":[{"embeddable":true,"href":"https:\/\/krankenhauspfarramt.de\/index.php\/wp-json\/wp\/v2\/media\/731"}],"wp:attachment":[{"href":"https:\/\/krankenhauspfarramt.de\/index.php\/wp-json\/wp\/v2\/media?parent=730"}],"wp:term":[{"taxonomy":"category","embeddable":true,"href":"https:\/\/krankenhauspfarramt.de\/index.php\/wp-json\/wp\/v2\/categories?post=730"},{"taxonomy":"post_tag","embeddable":true,"href":"https:\/\/krankenhauspfarramt.de\/index.php\/wp-json\/wp\/v2\/tags?post=730"}],"curies":[{"name":"wp","href":"https:\/\/api.w.org\/{rel}","templated":true}]}}