{"id":7322,"date":"2024-10-14T14:52:40","date_gmt":"2024-10-14T14:52:40","guid":{"rendered":"https:\/\/krankenhauspfarramt.de\/index.php\/2024\/10\/14\/leitender-lippischer-theologe-betont-hohen-wert-von-freiheitsrechten-ekd\/"},"modified":"2024-10-14T14:52:41","modified_gmt":"2024-10-14T14:52:41","slug":"leitender-lippischer-theologe-betont-hohen-wert-von-freiheitsrechten-ekd","status":"publish","type":"post","link":"https:\/\/krankenhauspfarramt.de\/index.php\/2024\/10\/14\/leitender-lippischer-theologe-betont-hohen-wert-von-freiheitsrechten-ekd\/","title":{"rendered":"Leitender Lippischer Theologe betont hohen Wert von Freiheitsrechten \u2013 EKD"},"content":{"rendered":"<p> <br \/>\n<\/p>\n<div>\n<p>Detmold (epd). Der leitende Theologe der Lippischen Landeskirche, Dietmar Arends, hat die Bedeutung von Freiheit und Freiheitsrechten betont. \u201eIch bin dankbar, in einem Land zu leben, in dem ich mich frei bewegen kann, in dem die Freiheitsrechte einen hohen Stellenwert haben\u201c, sagte der Landessuperintendent am Sonntag in Detmold laut Predigttext. In der Gottesdienstreihe der Evangelischen Kirche in Deutschland zu 75 Jahren Grundgesetz zog Arends Parallelen zwischen staatlich garantierten Freiheitsrechten und den biblischen zehn Geboten.<\/p>\n<\/p><\/div>\n<div id=\"\">\n<p>Die zehn Gebote, die viele eher mit Einschr\u00e4nkungen verbinden w\u00fcrden, beg\u00e4nnen im Gegenteil mit der Ansage der Freiheit, sagte Arends in der Erl\u00f6serkirche am Markt: \u201eIch, dein Gott, habe dich herausgef\u00fchrt aus \u00c4gypten, aus dem Land der Knechtschaft in das Land der Freiheit.\u201c Gott habe die Menschen aus der Unfreiheit herausgef\u00fchrt.<\/p>\n<p>Freiheit werde oft sehr individualistisch verstanden, etwa als Freiheit der eigenen Lebensgestaltung, garantiert durch die im Grundgesetz verankerten Freiheitsrechte, erl\u00e4uterte Arends. Die biblische Tradition denke hingegen st\u00e4rker im Sinne einer Gemeinschaft. Dies werte die individuellen Freiheitsrechte nicht ab. Aber das biblische Verst\u00e4ndnis blicke auf die Allgemeinheit und lege den Wert auf das Zusammenleben der Menschen.<\/p>\n<p>Arends mahnte, den biblischen Gedanken, dass Rechte auch f\u00fcr Fremde zu gelten haben, im Umgang mit Fl\u00fcchtlingen heute zu ber\u00fccksichtigen. In der Debatte \u00fcber weitere Einschr\u00e4nkungen m\u00fcsse auch die sogenannte Mitte der Gesellschaft darauf achten, nicht den Argumenten von Populisten zu erliegen, sagte er.<\/p>\n<\/div>\n","protected":false},"excerpt":{"rendered":"<p>Detmold (epd). Der leitende Theologe der Lippischen Landeskirche, Dietmar Arends, hat die Bedeutung von Freiheit und Freiheitsrechten betont. \u201eIch bin<\/p>\n","protected":false},"author":2,"featured_media":7323,"comment_status":"closed","ping_status":"closed","sticky":false,"template":"","format":"standard","meta":{"footnotes":""},"categories":[20],"tags":[],"_links":{"self":[{"href":"https:\/\/krankenhauspfarramt.de\/index.php\/wp-json\/wp\/v2\/posts\/7322"}],"collection":[{"href":"https:\/\/krankenhauspfarramt.de\/index.php\/wp-json\/wp\/v2\/posts"}],"about":[{"href":"https:\/\/krankenhauspfarramt.de\/index.php\/wp-json\/wp\/v2\/types\/post"}],"author":[{"embeddable":true,"href":"https:\/\/krankenhauspfarramt.de\/index.php\/wp-json\/wp\/v2\/users\/2"}],"replies":[{"embeddable":true,"href":"https:\/\/krankenhauspfarramt.de\/index.php\/wp-json\/wp\/v2\/comments?post=7322"}],"version-history":[{"count":1,"href":"https:\/\/krankenhauspfarramt.de\/index.php\/wp-json\/wp\/v2\/posts\/7322\/revisions"}],"predecessor-version":[{"id":7324,"href":"https:\/\/krankenhauspfarramt.de\/index.php\/wp-json\/wp\/v2\/posts\/7322\/revisions\/7324"}],"wp:featuredmedia":[{"embeddable":true,"href":"https:\/\/krankenhauspfarramt.de\/index.php\/wp-json\/wp\/v2\/media\/7323"}],"wp:attachment":[{"href":"https:\/\/krankenhauspfarramt.de\/index.php\/wp-json\/wp\/v2\/media?parent=7322"}],"wp:term":[{"taxonomy":"category","embeddable":true,"href":"https:\/\/krankenhauspfarramt.de\/index.php\/wp-json\/wp\/v2\/categories?post=7322"},{"taxonomy":"post_tag","embeddable":true,"href":"https:\/\/krankenhauspfarramt.de\/index.php\/wp-json\/wp\/v2\/tags?post=7322"}],"curies":[{"name":"wp","href":"https:\/\/api.w.org\/{rel}","templated":true}]}}