{"id":7374,"date":"2024-11-01T14:14:27","date_gmt":"2024-11-01T14:14:27","guid":{"rendered":"https:\/\/krankenhauspfarramt.de\/index.php\/2024\/11\/01\/generalsynode-rueckt-migration-ins-zentrum-und-waehlt-geistliche-leitung-ekd\/"},"modified":"2024-11-01T14:14:28","modified_gmt":"2024-11-01T14:14:28","slug":"generalsynode-rueckt-migration-ins-zentrum-und-waehlt-geistliche-leitung-ekd","status":"publish","type":"post","link":"https:\/\/krankenhauspfarramt.de\/index.php\/2024\/11\/01\/generalsynode-rueckt-migration-ins-zentrum-und-waehlt-geistliche-leitung-ekd\/","title":{"rendered":"Generalsynode r\u00fcckt Migration ins Zentrum und w\u00e4hlt geistliche Leitung \u2013 EKD"},"content":{"rendered":"<p> <br \/>\n<\/p>\n<div id=\"\">\n<div class=\"article--meta article--meta__border clearfix\">\n<p>                                    <time datetime=\"01.11.2024 11:00\" class=\"article--time\">01.11.2024<\/time><\/p>\n<p>                                     <strong class=\"article--type primus--overline\">Pressemitteilung<\/strong><\/p>\n<picture class=\"article--source-image image\"><source srcset=\"https:\/\/www.ekd.de\/ekd_de\/ds_img\/assets\/velkd.jpg\"><!--<source srcset=\"\/ekd_de\/ds_img\/assets\/velkd_rdax_141x141s.jpg 1x, \/ekd_de\/ds_img\/assets\/velkd_rdax_282x282s.jpg 2x, https:\/\/www.ekd.de\/ekd_de\/ds_img\/assets\/velkd.jpg 3x\">--><\/p>\n<p>    <\/source><\/picture>\n<\/p><\/div>\n<h2 class=\"article--sub-headline primus--sub-headline\">\u201eParlament\u201c der VELKD tagt vom 8. bis 11. November 2024 in W\u00fcrzburg<\/h2>\n<\/p><\/div>\n<div id=\"\">\n<p>Die 13. Generalsynode der VELKD trifft sich vom 8. bis 11.\u00a0November\u00a02024 in W\u00fcrzburg zu ihrer 5.\u00a0Tagung. Am ersten Tag stehen nach dem Er\u00f6ffnungsgottesdienst in der Pfarrkirche St. Gertraud der Bericht des Leitenden Bischofs der VELKD, Landesbischof Ralf Meister, sowie der Jahresabschluss 2023 und der Doppelhaushalt 2025\/2026 im Mittelpunkt. Im Anschluss wird der Leitende Bischof oder die Leitende Bisch\u00f6fin f\u00fcr die kommenden drei Jahre gew\u00e4hlt. Am Samstag, 9.\u00a0November, widmen sich die Synodalen dem Themenschwerpunkt \u201eVertreibung und Flucht in globaler Perspektive und kirchlicher Praxis\u201c.<\/p>\n<p>Zum Themenimpuls werden zahlreiche internationale G\u00e4ste erwartet, darunter Pfarrer Lesmore Gibson Ezekiel, Programmdirektor der Gesamtafrikanischen Kirchenkonferenz, Bischof Atahualpa Hern\u00e1ndez von der Evangelisch-Lutherischen Kirche Kolumbiens und der in M\u00fcnster lehrende Islamwissenschaftler Mouhanad Khorchide.<\/p>\n<p>Am Sonntag, 10. November, wird nach einem Gru\u00dfwort von Bischof Georg B\u00e4tzing, dem Vorsitzenden der Deutschen Bischofskonferenz, der bayerische Landesbischof Christian Kopp als neuer Catholica-Beauftragter der VELKD seinen ersten Bericht zum Stand des Dialogs mit der r\u00f6misch-katholischen Kirche geben.<\/p>\n<p>Die VELKD l\u00e4dt im Rahmen der Generalsynode jeweils zu Pressekonferenzen am 9.\u00a0November 2024, 13:30 Uhr und 11.\u00a0November\u00a02024,\u00a012:45\u00a0Uhr (gemeinsame Pressekonferenz mit der UEK) ein. Akkreditierte Pressevertreter k\u00f6nnen vor Ort in W\u00fcrzburg teilnehmen.<\/p>\n<p>Hinweis: Die 5.\u00a0Tagung der 13.\u00a0Generalsynode findet vom 8.\u00a0bis 11.\u00a0November 2024 in W\u00fcrzburg in Verbindung mit der Synode der Evangelischen Kirche in Deutschland (EKD) und der Versammlung der Union Evangelischer Kirchen (UEK) statt. Informationen, Berichte und Bilder finden Sie hier: www.velkd.de\/generalsynode2024. Medienanfragen richten Sie bitte an Frank Hofmann, Telefon 0163 2001411.<\/p>\n<p>Hannover, 1. November 2024<\/p>\n<p>Pressestelle der VELKD<br \/>Frank Hofmann<br \/>Pressesprecher<\/p>\n<\/div>\n","protected":false},"excerpt":{"rendered":"<p>01.11.2024 Pressemitteilung \u201eParlament\u201c der VELKD tagt vom 8. bis 11. November 2024 in W\u00fcrzburg Die 13. Generalsynode der VELKD trifft<\/p>\n","protected":false},"author":2,"featured_media":7185,"comment_status":"closed","ping_status":"closed","sticky":false,"template":"","format":"standard","meta":{"footnotes":""},"categories":[20],"tags":[],"_links":{"self":[{"href":"https:\/\/krankenhauspfarramt.de\/index.php\/wp-json\/wp\/v2\/posts\/7374"}],"collection":[{"href":"https:\/\/krankenhauspfarramt.de\/index.php\/wp-json\/wp\/v2\/posts"}],"about":[{"href":"https:\/\/krankenhauspfarramt.de\/index.php\/wp-json\/wp\/v2\/types\/post"}],"author":[{"embeddable":true,"href":"https:\/\/krankenhauspfarramt.de\/index.php\/wp-json\/wp\/v2\/users\/2"}],"replies":[{"embeddable":true,"href":"https:\/\/krankenhauspfarramt.de\/index.php\/wp-json\/wp\/v2\/comments?post=7374"}],"version-history":[{"count":1,"href":"https:\/\/krankenhauspfarramt.de\/index.php\/wp-json\/wp\/v2\/posts\/7374\/revisions"}],"predecessor-version":[{"id":7375,"href":"https:\/\/krankenhauspfarramt.de\/index.php\/wp-json\/wp\/v2\/posts\/7374\/revisions\/7375"}],"wp:featuredmedia":[{"embeddable":true,"href":"https:\/\/krankenhauspfarramt.de\/index.php\/wp-json\/wp\/v2\/media\/7185"}],"wp:attachment":[{"href":"https:\/\/krankenhauspfarramt.de\/index.php\/wp-json\/wp\/v2\/media?parent=7374"}],"wp:term":[{"taxonomy":"category","embeddable":true,"href":"https:\/\/krankenhauspfarramt.de\/index.php\/wp-json\/wp\/v2\/categories?post=7374"},{"taxonomy":"post_tag","embeddable":true,"href":"https:\/\/krankenhauspfarramt.de\/index.php\/wp-json\/wp\/v2\/tags?post=7374"}],"curies":[{"name":"wp","href":"https:\/\/api.w.org\/{rel}","templated":true}]}}