{"id":7387,"date":"2024-11-06T00:54:57","date_gmt":"2024-11-06T00:54:57","guid":{"rendered":"https:\/\/krankenhauspfarramt.de\/index.php\/2024\/11\/06\/ack-in-deutschland-ruft-oekumenepreis-2025-aus-ekd\/"},"modified":"2024-11-06T00:54:59","modified_gmt":"2024-11-06T00:54:59","slug":"ack-in-deutschland-ruft-oekumenepreis-2025-aus-ekd","status":"publish","type":"post","link":"https:\/\/krankenhauspfarramt.de\/index.php\/2024\/11\/06\/ack-in-deutschland-ruft-oekumenepreis-2025-aus-ekd\/","title":{"rendered":"ACK in Deutschland ruft \u00d6kumenepreis 2025 aus \u2013 EKD"},"content":{"rendered":"<p> <br \/>\n<\/p>\n<div id=\"\">\n<p>Gleich mehrere Jubil\u00e4en \u00f6kumenischer Treffen und historischer Meilensteine, wie der 1700. Jahrestag des Konzils von Niz\u00e4a, das 500-j\u00e4hrige Jubil\u00e4um der T\u00e4uferbewegung, das hundertj\u00e4hrige Bestehen der Kommission f\u00fcr Glauben und Kirchenverfassung des \u00d6RK oder der gemeinsame Ostertermin in den Ost- und Westkirchen lassen das Jahr 2025 zu einem gro\u00dfen \u00f6kumenischen Jahr werden. Diese und unz\u00e4hlige weitere Anl\u00e4sse bieten die M\u00f6glichkeit innovative Projekte zu initiieren, die den Geist der \u00d6kumene f\u00f6rdern. S\u00e4mtliche \u00d6kumenische Themen und Formate, die das Miteinander von Christinnen und Christen verschiedener Konfessionen an der Basis st\u00e4rken sind eingeladen, sich f\u00fcr den \u00d6kumenepreis der ACK in Deutschland 2025 zu bewerben.\u00a0<\/p>\n<p>\u201eIch w\u00fcnsche mir viele Bewerbungen, denn diese Bewerbungen werden sichtbar machen, an wie vielen Orten Menschen sich mit tollen Projekten f\u00fcr die \u00d6kumene einsetzen, ohne dass das sonst in die Schlagzeilen kommt,\u201c dr\u00fcckt \u00d6RK-Moderator Prof. Dr. Heinrich Bedford-Strohm als Schirmherr des Preises seinen Wunsch aus. Bedford-Strohm f\u00fchrt aus: \u201eEs ist diese gelebte \u00d6kumene vor Ort, aus der die kraftvollsten Impulse f\u00fcr die Zukunft der Kirchen erwachsen. Die Zukunft der Kirche, davon bin ich \u00fcberzeugt, wird eine \u00f6kumenische sein.\u201c<\/p>\n<p>F\u00fcr den 64-j\u00e4hrigen Theologen sei es eine Ehre, Schirmherr des \u00d6kumenepreises der ACK sein zu d\u00fcrfen. \u201eNur wenn wir unsere eigenen Trennungen \u00fcberwinden, werden wir als Kirchen glaubw\u00fcrdige Zeugen der Liebe Jesu Christi sein, die die Welt bewegt, vers\u00f6hnt und eint\u201c, dr\u00fcckt Bedford-Strohm seine Begeisterung f\u00fcr die \u00d6kumene aus und erg\u00e4nzt: \u201eWo wir sie leben, sind wir Salz der Erde und Licht der Welt. Genau dazu will der \u00d6kumenepreis ermutigen.\u201c<\/p>\n<p>Das Preisgeld in H\u00f6he von 4.000,00 Euro f\u00fcr den \u00d6kumenepreis der ACK 2025 wird von den Finanzinstituten Oikocredit, der Bank f\u00fcr Kirche und Diakonie eG, der Bank f\u00fcr Kirche und Caritas eG und der Spar- und Kreditbank Evangelisch-Freikirchlicher Gemeinden eG zur Verf\u00fcgung gestellt.\u00a0<br \/>Weitere Informationen und Bewerbungsm\u00f6glichkeiten unter: www.oekumenepreis-der-ack.de\u00a0<br \/>\u00a0<\/p>\n<hr\/>\n<p><em>Zur ACK in Deutschland:<br \/>Die Arbeitsgemeinschaft Christlicher Kirchen in Deutschland (ACK) wurde am 10. M\u00e4rz 1948 von f\u00fcnf Kirchen gegr\u00fcndet. Im Jahr 2024 geh\u00f6ren ihr achtzehn Kirchen unterschiedlicher Traditionen an, weitere sieben Kirchen sind Gastmitglieder und f\u00fcnf \u00f6kumenische Organisationen haben Beobachterstatus. Schwerpunkte der Arbeit der ACK sind die theologische Reflexion, das Engagement f\u00fcr Gerechtigkeit, Frieden und die Bewahrung der Sch\u00f6pfung sowie das gemeinsame Gebet und der Kontakt zu anderen \u00f6kumenischen Organisationen. Die ACK gestaltet dazu unter anderem den j\u00e4hrlichen zentralen Gottesdienst zur Gebetswoche f\u00fcr die Einheit der Christen, sie richtet den \u00d6kumenischen Tag der Sch\u00f6pfung aus, und auch die Vergabe des \u00d6kumenepreises der ACK liegt in ihren H\u00e4nden. Mitglieder, Gastmitglieder und Beobachter entsenden Delegierte in die Mitgliederversammlung, die zweimal im Jahr zusammenkommt. Derzeit ist Erzpriester Radu Constantin Miron Vorsitzender. Die Gesch\u00e4ftsstelle der ACK in Deutschland, die \u201e\u00d6kumenische Centrale\u201c, hat ihren Sitz in Frankfurt am Main: www.oekumene-ack.de\u00a0<\/em><br \/>\u00a0<\/p>\n<\/div>\n","protected":false},"excerpt":{"rendered":"<p>Gleich mehrere Jubil\u00e4en \u00f6kumenischer Treffen und historischer Meilensteine, wie der 1700. Jahrestag des Konzils von Niz\u00e4a, das 500-j\u00e4hrige Jubil\u00e4um der<\/p>\n","protected":false},"author":2,"featured_media":7388,"comment_status":"closed","ping_status":"closed","sticky":false,"template":"","format":"standard","meta":{"footnotes":""},"categories":[20],"tags":[],"_links":{"self":[{"href":"https:\/\/krankenhauspfarramt.de\/index.php\/wp-json\/wp\/v2\/posts\/7387"}],"collection":[{"href":"https:\/\/krankenhauspfarramt.de\/index.php\/wp-json\/wp\/v2\/posts"}],"about":[{"href":"https:\/\/krankenhauspfarramt.de\/index.php\/wp-json\/wp\/v2\/types\/post"}],"author":[{"embeddable":true,"href":"https:\/\/krankenhauspfarramt.de\/index.php\/wp-json\/wp\/v2\/users\/2"}],"replies":[{"embeddable":true,"href":"https:\/\/krankenhauspfarramt.de\/index.php\/wp-json\/wp\/v2\/comments?post=7387"}],"version-history":[{"count":1,"href":"https:\/\/krankenhauspfarramt.de\/index.php\/wp-json\/wp\/v2\/posts\/7387\/revisions"}],"predecessor-version":[{"id":7389,"href":"https:\/\/krankenhauspfarramt.de\/index.php\/wp-json\/wp\/v2\/posts\/7387\/revisions\/7389"}],"wp:featuredmedia":[{"embeddable":true,"href":"https:\/\/krankenhauspfarramt.de\/index.php\/wp-json\/wp\/v2\/media\/7388"}],"wp:attachment":[{"href":"https:\/\/krankenhauspfarramt.de\/index.php\/wp-json\/wp\/v2\/media?parent=7387"}],"wp:term":[{"taxonomy":"category","embeddable":true,"href":"https:\/\/krankenhauspfarramt.de\/index.php\/wp-json\/wp\/v2\/categories?post=7387"},{"taxonomy":"post_tag","embeddable":true,"href":"https:\/\/krankenhauspfarramt.de\/index.php\/wp-json\/wp\/v2\/tags?post=7387"}],"curies":[{"name":"wp","href":"https:\/\/api.w.org\/{rel}","templated":true}]}}