{"id":7405,"date":"2024-11-08T17:31:07","date_gmt":"2024-11-08T17:31:07","guid":{"rendered":"https:\/\/krankenhauspfarramt.de\/index.php\/2024\/11\/08\/wer-juedische-menschen-angreift-greift-uns-an-ekd\/"},"modified":"2024-11-08T17:31:08","modified_gmt":"2024-11-08T17:31:08","slug":"wer-juedische-menschen-angreift-greift-uns-an-ekd","status":"publish","type":"post","link":"https:\/\/krankenhauspfarramt.de\/index.php\/2024\/11\/08\/wer-juedische-menschen-angreift-greift-uns-an-ekd\/","title":{"rendered":"\u201eWer j\u00fcdische Menschen angreift, greift uns an\u201c \u2013 EKD"},"content":{"rendered":"<p> <br \/>\n<\/p>\n<div id=\"\">\n<div class=\"article--meta article--meta__border clearfix\">\n<p>                                    <time datetime=\"08.11.2024 15:00\" class=\"article--time\">08.11.2024<\/time><\/p>\n<p>                                     <strong class=\"article--type primus--overline\">Pressemitteilung<\/strong><\/p>\n<picture class=\"article--source-image image\"><source srcset=\"https:\/\/www.ekd.de\/ekd_de\/ds_img\/assets\/20170622_ekd-Quellenlogo_141_rdax_423x118.png\"><!--<source srcset=\"\/ekd_de\/ds_img\/assets\/20170622_ekd-Quellenlogo_141_rdax_141x39.png 1x, \/ekd_de\/ds_img\/assets\/20170622_ekd-Quellenlogo_141_rdax_282x78.png 2x, https:\/\/www.ekd.de\/ekd_de\/ds_img\/assets\/20170622_ekd-Quellenlogo_141_rdax_423x118.png 3x\">--><\/p>\n<p>    <\/source><\/picture>\n<\/p><\/div>\n<h2 class=\"article--sub-headline primus--sub-headline\">EKD-Spitze erinnert im Vorfeld der Synodentagung in W\u00fcrzburg an Novemberpogrome<\/h2>\n<\/p><\/div>\n<div id=\"\">\n<p>Im Vorfeld der Synode der Evangelischen Kirche in Deutschland (EKD), die von Sonntag, 10. November, bis Mittwoch, 13. November, in W\u00fcrzburg tagt, haben EKD-Vertreterinnen an einer Gedenkveranstaltung der Stadt zum 86. Jahrestag der Pogromnacht teilgenommen. Aus dem Pr\u00e4sidium der EKD-Synode gedachten Pr\u00e4ses Anna-Nicole Heinrich und Gabriele H\u00f6rschelmann an die Novemberpogrome am 9. November, bei denen j\u00fcdische Menschen in Deutschland misshandelt und get\u00f6tet, ihre Synagogen, Wohnungen, H\u00e4user und Gesch\u00e4fte zerst\u00f6rt wurden. F\u00fcr den Rat der EKD nahm die amtierende Ratsvorsitzende, Bisch\u00f6fin Kirsten Fehrs, teil.<\/p>\n<p>Pr\u00e4ses Heinrich sagte: \u201eJ\u00fcdische Menschen in Deutschland f\u00fchlen sich fremd und ausgegrenzt, und das 86 Jahre nach der Pogromnacht. Das finde ich unertr\u00e4glich. Als Christinnen und Christen d\u00fcrfen wir nicht l\u00e4nger hinnehmen, dass unsere j\u00fcdischen Geschwister auf der Stra\u00dfe k\u00f6rperlich angegriffen und angep\u00f6belt werden. Gerade sie haben angesichts der Abgr\u00fcnde in der Geschichte unseres Landes einen elementaren Anspruch auf tiefen Respekt und Anerkennung als Teil unserer Gesellschaft. Wer sie angreift, greift uns an.\u201c<\/p>\n<p>Die amtierende Ratsvorsitzende Fehrs wies auf den wachsenden Antisemitismus in Deutschland hin: \u201eImmer mehr J\u00fcdinnen und Juden haben Angst, sich \u00f6ffentlich zu ihrem Glauben zu bekennen, f\u00fcrchten um ihre Sicherheit. Wir sehen mit Entsetzen, dass in unserem eigenen Land der Antisemitismus wieder an Boden gewinnt. Deshalb bedarf es dieses \u00f6ffentlichen Bekenntnisses nicht nur an Tagen wie diesen: Nie wieder ist jetzt!\u201c Jedes Zeichen der Solidarit\u00e4t gelte es zu setzen, um freies j\u00fcdisches Leben in Deutschland zu sch\u00fctzen, so die Bisch\u00f6fin. \u201eWir stehen zusammen, interreligi\u00f6s verbunden, und bieten dem Hass die Stirn.\u201c<\/p>\n<p>Die Synode der EKD hat in einem Beschluss im vergangenen Jahr bekr\u00e4ftigt, dass christlicher Glaube und Antisemitismus unvereinbar sind. In einem neuen Bereich auf ihrer Internetseite erkl\u00e4rt die EKD in kurzen und verst\u00e4ndlichen Texten die Rolle des Christentums im Antisemitismus, wie er sich \u00e4u\u00dfert und was man dagegen tun kann. Mit den bereitgestellten Materialien k\u00f6nnen Gemeinden ein Zeichen gegen Antisemitismus setzen. Informationen dazu finden Sie unter: www.ekd.de\/antisemitismus.<\/p>\n<p>Den Synodenbeschluss finden Sie hier: https:\/\/www.ekd.de\/beschluss-zu-christlicher-glaube-und-antisemitismus-sind-84718.htm<\/p>\n<p>Hannover\/W\u00fcrzburg, 8. November 2024<\/p>\n<p>Pressestelle der EKD<br \/>Annika Lukas<\/p>\n<p>\u00a0<\/p>\n<p><em>\u00dcber die Synode der EKD: Die Synode der EKD ist neben Rat und Kirchenkonferenz eines der drei Leitungsorgane der EKD. Sie tagt vom 10. bis 13. November in W\u00fcrzburg. Nach der Grundordnung der EKD besteht die 13. Synode aus 128 Mitgliedern. Zu den Aufgaben der Synode z\u00e4hlen die Erarbeitung von Kundgebungen und Beschl\u00fcssen zu Fragen der Zeit sowie die Begleitung der Arbeit des Rates der EKD durch Richtlinien. Die Synode ber\u00e4t und beschlie\u00dft aber auch den Haushalt und die Kirchengesetze. Geleitet wird die Synode vom Pr\u00e4sidium unter dem Vorsitz von Pr\u00e4ses Anna-Nicole Heinrich. Sie ist zugleich Mitglied des 15-k\u00f6pfigen Rates der EKD. Amtierende Vorsitzende des Rates der EKD ist Kirsten Fehrs. Die EKD ist die Gemeinschaft von 20 lutherischen, reformierten und unierten Landeskirchen. 18,6 Millionen evangelische Christinnen und Christen in Deutschland geh\u00f6ren zu einer der 12.500 Kirchengemeinden.<\/em><\/p>\n<\/div>\n","protected":false},"excerpt":{"rendered":"<p>08.11.2024 Pressemitteilung EKD-Spitze erinnert im Vorfeld der Synodentagung in W\u00fcrzburg an Novemberpogrome Im Vorfeld der Synode der Evangelischen Kirche in<\/p>\n","protected":false},"author":2,"featured_media":7144,"comment_status":"closed","ping_status":"closed","sticky":false,"template":"","format":"standard","meta":{"footnotes":""},"categories":[20],"tags":[],"_links":{"self":[{"href":"https:\/\/krankenhauspfarramt.de\/index.php\/wp-json\/wp\/v2\/posts\/7405"}],"collection":[{"href":"https:\/\/krankenhauspfarramt.de\/index.php\/wp-json\/wp\/v2\/posts"}],"about":[{"href":"https:\/\/krankenhauspfarramt.de\/index.php\/wp-json\/wp\/v2\/types\/post"}],"author":[{"embeddable":true,"href":"https:\/\/krankenhauspfarramt.de\/index.php\/wp-json\/wp\/v2\/users\/2"}],"replies":[{"embeddable":true,"href":"https:\/\/krankenhauspfarramt.de\/index.php\/wp-json\/wp\/v2\/comments?post=7405"}],"version-history":[{"count":1,"href":"https:\/\/krankenhauspfarramt.de\/index.php\/wp-json\/wp\/v2\/posts\/7405\/revisions"}],"predecessor-version":[{"id":7406,"href":"https:\/\/krankenhauspfarramt.de\/index.php\/wp-json\/wp\/v2\/posts\/7405\/revisions\/7406"}],"wp:featuredmedia":[{"embeddable":true,"href":"https:\/\/krankenhauspfarramt.de\/index.php\/wp-json\/wp\/v2\/media\/7144"}],"wp:attachment":[{"href":"https:\/\/krankenhauspfarramt.de\/index.php\/wp-json\/wp\/v2\/media?parent=7405"}],"wp:term":[{"taxonomy":"category","embeddable":true,"href":"https:\/\/krankenhauspfarramt.de\/index.php\/wp-json\/wp\/v2\/categories?post=7405"},{"taxonomy":"post_tag","embeddable":true,"href":"https:\/\/krankenhauspfarramt.de\/index.php\/wp-json\/wp\/v2\/tags?post=7405"}],"curies":[{"name":"wp","href":"https:\/\/api.w.org\/{rel}","templated":true}]}}